{"id":31179,"date":"2022-02-02T15:28:49","date_gmt":"2022-02-02T18:28:49","guid":{"rendered":"https:\/\/pageup-solutions.com\/sitenoticiasv14\/confianca-empresarial-recua-pelo-quarto-mes-consecutivo-diz-fgv\/"},"modified":"2022-02-02T15:28:49","modified_gmt":"2022-02-02T18:28:49","slug":"confianca-empresarial-recua-pelo-quarto-mes-consecutivo-diz-fgv","status":"publish","type":"post","link":"https:\/\/pageup-solutions.com\/sitenoticiasvc1\/confianca-empresarial-recua-pelo-quarto-mes-consecutivo-diz-fgv\/","title":{"rendered":"Confian\u00e7a empresarial recua pelo quarto m\u00eas consecutivo, diz FGV"},"content":{"rendered":"<p>A confian\u00e7a dos empres\u00e1rios recuou 2,5 pontos em janeiro e atingiu 91,6 pontos, em uma escala que vai de 0 a 200. Os resultados acima de 100 indicam confian\u00e7a. O resultado \u00e9 o menor n\u00edvel desde abril de 2021, quando o \u00cdndice de Confian\u00e7a Empresarial (ICE) alcan\u00e7ou 89,6 pontos.<img decoding=\"async\" src=\"https:\/\/pageup-solutions.com\/sitenoticiasvc1\/wp-content\/uploads\/ebc.png61facd99ef555.png?id=1439717&#038;o=rss\" style=\"width:1px;height:1px\" \/><img decoding=\"async\" src=\"https:\/\/pageup-solutions.com\/sitenoticiasvc1\/wp-content\/uploads\/ebc.gif61facd9a21771.png?id=1439717&#038;o=rss\" style=\"width:1px;height:1px\" \/><\/p>\n<p>De acordo com os dados divulgados hoje (1\u00b0) pelo Instituto Brasileiro de Economia da Funda\u00e7\u00e3o Getulio Vargas (Ibre\/FGV), na m\u00e9trica de m\u00e9dias m\u00f3veis trimestrais, o indicador caiu pela quarta vez consecutiva, agora em 3 pontos. O ICE consolida os \u00edndices de confian\u00e7a dos quatro setores abordados pelas Sondagens Empresariais produzidas pela FGV IBRE: ind\u00fastria, servi\u00e7os, com\u00e9rcio e constru\u00e7\u00e3o.<\/p>\n<p>O indicador mostrou ainda uma piora expressiva, em janeiro, nas avalia\u00e7\u00f5es sobre a situa\u00e7\u00e3o atual e nas expectativas para os pr\u00f3ximos meses. O \u00cdndice de Situa\u00e7\u00e3o Atual Empresarial (ISA-E) registrou queda de 4,5 pontos, passando para 91,3 pontos. Trata-se do menor n\u00edvel desde abril de 2021, quando atingiu 87,8 pontos.<\/p>\n<p>J\u00e1 o \u00cdndice de Expectativas (IE-E) recuou 3 pontos, e chegou 91,4 pontos. O resultado \u00e9 o menor desde mar\u00e7o de 2021, quando atingiu 85,2 pontos.<\/p>\n<p>Com estes resultados, os dois \u00edndices registram recuos pela terceira vez consecutiva, al\u00e9m de acumularem perda de mais de 8 pontos nesse per\u00edodo e se afastarem do n\u00edvel de neutralidade de 100 pontos.<\/p>\n<p>Segundo o superintendente de Estat\u00edsticas do Ibre Aloisio Campelo Jr, o ICE acumula perdas de 10,9 pontos desde setembro de 2021, em um movimento de queda que come\u00e7ou com a ind\u00fastria e aos poucos se estendeu a todos os segmentos.<\/p>\n<p>\u201cA confian\u00e7a do setor de servi\u00e7os, mais resiliente at\u00e9 o final do ano, foi a que mais caiu em janeiro, sob influ\u00eancia da piora do quadro pand\u00eamico com a chegada da variante \u00d4micron ao Brasil. Nota-se neste segmento uma queda mais expressiva dos \u00edndices que medem a percep\u00e7\u00e3o das empresas quanto \u00e0 situa\u00e7\u00e3o corrente na compara\u00e7\u00e3o com os \u00edndices que medem as expectativas, uma tend\u00eancia t\u00edpica dos choques provocados pelas ondas da covid-19\u201d, observou.<\/p>\n<p>Campelo Jr acrescentou que as preocupa\u00e7\u00f5es com este movimento s\u00e3o o n\u00edvel de empregos e a retomada econ\u00f4mica, que vinha sendo registrada.<\/p>\n<p>\u201cEste resultado preocupa j\u00e1 que os segmentos mais dependentes de consumo presencial empregam muito e somente agora estavam conseguindo retornar a n\u00edveis de confian\u00e7a compar\u00e1veis com os do per\u00edodo pr\u00e9-pandemia\u201d, disse.<\/p>\n<p>O recuo da confian\u00e7a de todos os setores pesquisados em janeiro aprofundou a tend\u00eancia observada nos meses anteriores. O Ibre avalia que esse movimento foi influenciado pela piora do quadro sanit\u00e1rio com o aumento do n\u00famero de casos da \u00d4micron.<\/p>\n<p>As quedas mais intensas foram registradas na confian\u00e7a de servi\u00e7os (-4,3 pontos) e da constru\u00e7\u00e3o (-3,9 pontos), seguido pela ind\u00fastria (-1,7 pontos) e com\u00e9rcio (-0,4 pontos). Mesmo com a ligeira queda na margem, o \u00cdndice de Confian\u00e7a do Com\u00e9rcio (Icom) est\u00e1 15 pontos abaixo do n\u00edvel neutro de 100 pontos.<\/p>\n<h2>Difus\u00e3o<\/h2>\n<p>O resultado de janeiro mostrou ainda que a confian\u00e7a empresarial subiu em 11 dos 49 segmentos integrantes do ICE. Isso significa um recuo da dissemina\u00e7\u00e3o frente aos 21 segmentos do m\u00eas anterior. \u201cO destaque do m\u00eas \u00e9 o setor da Constru\u00e7\u00e3o, cuja confian\u00e7a caiu em todos os 11 segmentos\u201d, completou o Ibre.<\/p>\n<h2>Ou\u00e7a na<strong> Radioag\u00eancia Nacional<\/strong>:<\/h2>\n<div class=\"dnd-widget-wrapper context-cheio_8colunas type-audio\">\n<div class=\"dnd-atom-rendered\"><!-- scald=277849:cheio_8colunas --><\/p>\n<div class=\"col-lg-12 shadow-sm sticky-element px-0 m-0 z-9\">\n<div class=\"rounded-lg\">\n<div class=\"player-wrapper bg-secondary\">\n            <audio id=\"media-277849\" preload=\"none\" controls style=\"max-width:100%\" class=\"rounded-lg shadow-sm\" target=\"_blank\"><\/p>\n<p>            <\/audio>\n        <\/div>\n<\/p><\/div>\n<\/div>\n<p><!-- END scald=277849 --><\/div>\n<div class=\"dnd-caption-wrapper\">\n<div class=\"meta\"><!--copyright=277849-->Confira outras not\u00edcias da <a data-cke-saved-href=\"https:\/\/agenciabrasil.ebc.com.br\/radioagencia-nacional\" href=\"https:\/\/agenciabrasil.ebc.com.br\/radioagencia-nacional\" target=\"_blank\" rel=\"noopener\"><strong>Radioag\u00eancia Nacional<\/strong><\/a>. <!--END copyright=277849-->\n<\/div>\n<\/div>\n<\/div>\n","protected":false},"excerpt":{"rendered":"<p>A confian\u00e7a dos empres\u00e1rios recuou 2,5 pontos em janeiro e atingiu 91,6 pontos, em uma escala que vai de 0 [&hellip;]<\/p>\n","protected":false},"author":1,"featured_media":31180,"comment_status":"open","ping_status":"open","sticky":false,"template":"","format":"standard","meta":{"footnotes":""},"categories":[344],"tags":[],"class_list":["post-31179","post","type-post","status-publish","format-standard","has-post-thumbnail","hentry","category-economia"],"_links":{"self":[{"href":"https:\/\/pageup-solutions.com\/sitenoticiasvc1\/wp-json\/wp\/v2\/posts\/31179","targetHints":{"allow":["GET"]}}],"collection":[{"href":"https:\/\/pageup-solutions.com\/sitenoticiasvc1\/wp-json\/wp\/v2\/posts"}],"about":[{"href":"https:\/\/pageup-solutions.com\/sitenoticiasvc1\/wp-json\/wp\/v2\/types\/post"}],"author":[{"embeddable":true,"href":"https:\/\/pageup-solutions.com\/sitenoticiasvc1\/wp-json\/wp\/v2\/users\/1"}],"replies":[{"embeddable":true,"href":"https:\/\/pageup-solutions.com\/sitenoticiasvc1\/wp-json\/wp\/v2\/comments?post=31179"}],"version-history":[{"count":0,"href":"https:\/\/pageup-solutions.com\/sitenoticiasvc1\/wp-json\/wp\/v2\/posts\/31179\/revisions"}],"wp:featuredmedia":[{"embeddable":true,"href":"https:\/\/pageup-solutions.com\/sitenoticiasvc1\/wp-json\/wp\/v2\/media\/31180"}],"wp:attachment":[{"href":"https:\/\/pageup-solutions.com\/sitenoticiasvc1\/wp-json\/wp\/v2\/media?parent=31179"}],"wp:term":[{"taxonomy":"category","embeddable":true,"href":"https:\/\/pageup-solutions.com\/sitenoticiasvc1\/wp-json\/wp\/v2\/categories?post=31179"},{"taxonomy":"post_tag","embeddable":true,"href":"https:\/\/pageup-solutions.com\/sitenoticiasvc1\/wp-json\/wp\/v2\/tags?post=31179"}],"curies":[{"name":"wp","href":"https:\/\/api.w.org\/{rel}","templated":true}]}}