{"id":31187,"date":"2022-02-03T09:35:21","date_gmt":"2022-02-03T12:35:21","guid":{"rendered":"https:\/\/pageup-solutions.com\/sitenoticiasv14\/covid-19-camara-aprova-projeto-que-incentiva-doacoes-para-pesquisas\/"},"modified":"2022-02-03T09:35:21","modified_gmt":"2022-02-03T12:35:21","slug":"covid-19-camara-aprova-projeto-que-incentiva-doacoes-para-pesquisas","status":"publish","type":"post","link":"https:\/\/pageup-solutions.com\/sitenoticiasvc1\/covid-19-camara-aprova-projeto-que-incentiva-doacoes-para-pesquisas\/","title":{"rendered":"Covid-19: C\u00e2mara aprova projeto que incentiva doa\u00e7\u00f5es para pesquisas"},"content":{"rendered":"<div>\n<p>A C\u00e2mara dos Deputados aprovou nesta <span id=\"OBJ_PREFIX_DWT2359_com_zimbra_date\" role=\"link\"><span id=\"OBJ_PREFIX_DWT2360_com_zimbra_date\" role=\"link\">quarta<\/span><\/span>-feira (2) lei que prev\u00ea dedu\u00e7\u00e3o no Imposto de Renda Pessoa Jur\u00eddica, como incentivo fiscal, para empresas que doarem recursos para pesquisas sobre a covid-19. A mat\u00e9ria segue para san\u00e7\u00e3o presidencial.<img decoding=\"async\" src=\"https:\/\/pageup-solutions.com\/sitenoticiasvc1\/wp-content\/uploads\/ebc.png61fbcc0ab382a.png?id=1440100&#038;o=node\"><\/img><img decoding=\"async\" src=\"https:\/\/pageup-solutions.com\/sitenoticiasvc1\/wp-content\/uploads\/ebc.gif61fbcc0c30fd8.png?id=1440100&#038;o=node\"><\/img><\/p>\n<p>O projeto cria o Programa Priorit\u00e1rio Pr\u00f3-Pesquisa Covid-19. Poder\u00e3o participar deste programa as empresas tributadas com base no lucro real, regime adotado pelas grandes empresas (com faturamento superior a R$ 78 milh\u00f5es).\u00a0<\/p>\n<p>O texto permite \u00e0s empresas tributadas pelo lucro real que doarem ao programa a dedu\u00e7\u00e3o no Imposto de Renda devido, em cada per\u00edodo, do mesmo valor da doa\u00e7\u00e3o at\u00e9 o limite de 30% do imposto devido, sem excluir outras dedu\u00e7\u00f5es legais.<\/p>\n<p>Caso a empresa seja das \u00e1reas de sa\u00fade ou medicamentos, o limite de dedu\u00e7\u00e3o ser\u00e1 de 50%. Essas dedu\u00e7\u00f5es devem corresponder \u00e0s doa\u00e7\u00f5es em esp\u00e9cie efetuadas dentro do per\u00edodo de apura\u00e7\u00e3o trimestral ou anual do imposto.<\/p>\n<p>A mat\u00e9ria aprovada prev\u00ea ainda mais R$ 400 milh\u00f5es para custear os incentivos no ano de 2023.<\/p>\n<\/p><\/div>\n","protected":false},"excerpt":{"rendered":"<p>A C\u00e2mara dos Deputados aprovou nesta quarta-feira (2) lei que prev\u00ea dedu\u00e7\u00e3o no Imposto de Renda Pessoa Jur\u00eddica, como incentivo [&hellip;]<\/p>\n","protected":false},"author":1,"featured_media":31188,"comment_status":"closed","ping_status":"closed","sticky":false,"template":"","format":"standard","meta":{"footnotes":""},"categories":[354],"tags":[373,381,383,388,425,428,434,454],"class_list":["post-31187","post","type-post","status-publish","format-standard","has-post-thumbnail","hentry","category-politica","tag-camara-dos-deputados","tag-coronavirus","tag-covid-19","tag-deducao-tributaria","tag-pandemia","tag-pesquisa","tag-politica","tag-sancao-presidencial"],"_links":{"self":[{"href":"https:\/\/pageup-solutions.com\/sitenoticiasvc1\/wp-json\/wp\/v2\/posts\/31187","targetHints":{"allow":["GET"]}}],"collection":[{"href":"https:\/\/pageup-solutions.com\/sitenoticiasvc1\/wp-json\/wp\/v2\/posts"}],"about":[{"href":"https:\/\/pageup-solutions.com\/sitenoticiasvc1\/wp-json\/wp\/v2\/types\/post"}],"author":[{"embeddable":true,"href":"https:\/\/pageup-solutions.com\/sitenoticiasvc1\/wp-json\/wp\/v2\/users\/1"}],"replies":[{"embeddable":true,"href":"https:\/\/pageup-solutions.com\/sitenoticiasvc1\/wp-json\/wp\/v2\/comments?post=31187"}],"version-history":[{"count":0,"href":"https:\/\/pageup-solutions.com\/sitenoticiasvc1\/wp-json\/wp\/v2\/posts\/31187\/revisions"}],"wp:featuredmedia":[{"embeddable":true,"href":"https:\/\/pageup-solutions.com\/sitenoticiasvc1\/wp-json\/wp\/v2\/media\/31188"}],"wp:attachment":[{"href":"https:\/\/pageup-solutions.com\/sitenoticiasvc1\/wp-json\/wp\/v2\/media?parent=31187"}],"wp:term":[{"taxonomy":"category","embeddable":true,"href":"https:\/\/pageup-solutions.com\/sitenoticiasvc1\/wp-json\/wp\/v2\/categories?post=31187"},{"taxonomy":"post_tag","embeddable":true,"href":"https:\/\/pageup-solutions.com\/sitenoticiasvc1\/wp-json\/wp\/v2\/tags?post=31187"}],"curies":[{"name":"wp","href":"https:\/\/api.w.org\/{rel}","templated":true}]}}