{"id":31191,"date":"2022-02-03T09:35:20","date_gmt":"2022-02-03T12:35:20","guid":{"rendered":"https:\/\/pageup-solutions.com\/sitenoticiasv14\/pf-diz-que-houve-crime-em-vazamento-mas-nao-indicia-presidente\/"},"modified":"2022-02-03T09:35:20","modified_gmt":"2022-02-03T12:35:20","slug":"pf-diz-que-houve-crime-em-vazamento-mas-nao-indicia-presidente","status":"publish","type":"post","link":"https:\/\/pageup-solutions.com\/sitenoticiasvc1\/pf-diz-que-houve-crime-em-vazamento-mas-nao-indicia-presidente\/","title":{"rendered":"PF diz que houve crime em vazamento, mas n\u00e3o indicia presidente"},"content":{"rendered":"<div>\n<p>A Pol\u00edcia Federal (PF) concluiu o inqu\u00e9rito sobre o vazamento de uma investiga\u00e7\u00e3o sigilosa sobre um ataque hacker ao Tribunal Superior Eleitoral (TSE) sem indiciar o presidente Jair Bolsonaro.\u00a0A Advocacia-Geral da Uni\u00e3o (AGU) argumentou no inqu\u00e9rito que o presidente n\u00e3o divulgou documentos sigilosos.<img decoding=\"async\" src=\"https:\/\/pageup-solutions.com\/sitenoticiasvc1\/wp-content\/uploads\/ebc.png61fbcc13254a6.png?id=1440009&#038;o=node\"><\/img><img decoding=\"async\" src=\"https:\/\/pageup-solutions.com\/sitenoticiasvc1\/wp-content\/uploads\/ebc.gif61fbcc134e834.png?id=1440009&#038;o=node\"><\/img><\/p>\n<p>Em relat\u00f3rio enviado ao ministro Alexandre de Moraes, relator do caso no Supremo Tribunal Federal (STF), a delegada\u00a0Denisse Dias Rosas Ribeiro afirmou que os elementos colhidos na investiga\u00e7\u00e3o indicam que Bolsonaro agiu de forma direta e consciente ao cometer o crime de viola\u00e7\u00e3o de sigilo funcional, por\u00a0ter\u00a0divulgado informa\u00e7\u00f5es sobre o inqu\u00e9rito do TSE em uma de suas\u00a0<em>lives<\/em>\u00a0pelas redes sociais, em\u00a04 de agosto\u00a0de 2021.<\/p>\n<p>Contudo, a delegada escreveu que n\u00e3o procederia ao indiciamento do presidente em raz\u00e3o de seu foro privilegiado. Para justificar o n\u00e3o indiciamento, ela afirmou seguir entendimento do pr\u00f3prio Supremo, segundo o qual haveria necessidade de autoriza\u00e7\u00e3o da Corte para indiciar o presidente da Rep\u00fablica.<\/p>\n<p>O mesmo entendimento foi aplicado ao deputado federal Filipe Barros (PSL-PR), que na condi\u00e7\u00e3o de relator da Proposta de Emenda Constitucional (PEC) do Voto Imprenso (135\/2019), obteve acesso \u00e0 investiga\u00e7\u00e3o sigilosa da PF e a disponibilizou ao presidente por interm\u00e9dio do tenente-coronel do Ex\u00e9rcito Mauro Cesar Barbosa Cid, ajudante de ordens da Presid\u00eancia da Rep\u00fablica.<\/p>\n<p>Ela indiciou, contudo, o ajudante de ordens Mauro Cesar Barbosa Cid, que disse n\u00e3o\u00a0ter\u00a0foro privilegiado. Para a delegada, ele tamb\u00e9m teve acesso \u00e0 documenta\u00e7\u00e3o, em raz\u00e3o de seu cargo.<\/p>\n<p>Por fim, a delegada disse que\u00a0a aus\u00eancia de Bolsonaro ao depoimento marcado por Alexandre de Moraes na superintend\u00eancia da PF em Bras\u00edlia,\u00a0\u201cn\u00e3o trouxe preju\u00edzo ao esclarecimento dos fatos\u201d.<\/p>\n<p>Nesta\u00a0quarta-feira (2), Moraes proferiu despacho encaminhando os autos do processo ao procurador-geral da Rep\u00fablica, Augusto Aras, para que tome as provid\u00eancias que considerar cab\u00edveis.<\/p>\n<\/p><\/div>\n","protected":false},"excerpt":{"rendered":"<p>A Pol\u00edcia Federal (PF) concluiu o inqu\u00e9rito sobre o vazamento de uma investiga\u00e7\u00e3o sigilosa sobre um ataque hacker ao Tribunal [&hellip;]<\/p>\n","protected":false},"author":1,"featured_media":31192,"comment_status":"closed","ping_status":"closed","sticky":false,"template":"","format":"standard","meta":{"footnotes":""},"categories":[354],"tags":[409,429,434],"class_list":["post-31191","post","type-post","status-publish","format-standard","has-post-thumbnail","hentry","category-politica","tag-jair-bolsonaro","tag-pf","tag-politica"],"_links":{"self":[{"href":"https:\/\/pageup-solutions.com\/sitenoticiasvc1\/wp-json\/wp\/v2\/posts\/31191","targetHints":{"allow":["GET"]}}],"collection":[{"href":"https:\/\/pageup-solutions.com\/sitenoticiasvc1\/wp-json\/wp\/v2\/posts"}],"about":[{"href":"https:\/\/pageup-solutions.com\/sitenoticiasvc1\/wp-json\/wp\/v2\/types\/post"}],"author":[{"embeddable":true,"href":"https:\/\/pageup-solutions.com\/sitenoticiasvc1\/wp-json\/wp\/v2\/users\/1"}],"replies":[{"embeddable":true,"href":"https:\/\/pageup-solutions.com\/sitenoticiasvc1\/wp-json\/wp\/v2\/comments?post=31191"}],"version-history":[{"count":0,"href":"https:\/\/pageup-solutions.com\/sitenoticiasvc1\/wp-json\/wp\/v2\/posts\/31191\/revisions"}],"wp:featuredmedia":[{"embeddable":true,"href":"https:\/\/pageup-solutions.com\/sitenoticiasvc1\/wp-json\/wp\/v2\/media\/31192"}],"wp:attachment":[{"href":"https:\/\/pageup-solutions.com\/sitenoticiasvc1\/wp-json\/wp\/v2\/media?parent=31191"}],"wp:term":[{"taxonomy":"category","embeddable":true,"href":"https:\/\/pageup-solutions.com\/sitenoticiasvc1\/wp-json\/wp\/v2\/categories?post=31191"},{"taxonomy":"post_tag","embeddable":true,"href":"https:\/\/pageup-solutions.com\/sitenoticiasvc1\/wp-json\/wp\/v2\/tags?post=31191"}],"curies":[{"name":"wp","href":"https:\/\/api.w.org\/{rel}","templated":true}]}}