{"id":31195,"date":"2022-02-03T09:35:19","date_gmt":"2022-02-03T12:35:19","guid":{"rendered":"https:\/\/pageup-solutions.com\/sitenoticiasv14\/camara-aprova-projeto-que-pune-quem-incentiva-violencia-no-transito\/"},"modified":"2022-02-03T09:35:19","modified_gmt":"2022-02-03T12:35:19","slug":"camara-aprova-projeto-que-pune-quem-incentiva-violencia-no-transito","status":"publish","type":"post","link":"https:\/\/pageup-solutions.com\/sitenoticiasvc1\/camara-aprova-projeto-que-pune-quem-incentiva-violencia-no-transito\/","title":{"rendered":"C\u00e2mara aprova projeto que pune quem incentiva viol\u00eancia no tr\u00e2nsito"},"content":{"rendered":"<div>\n<p>O plen\u00e1rio da C\u00e2mara aprovou nesta quarta-feira (2) o projeto de lei que pro\u00edbe a divulga\u00e7\u00e3o de infra\u00e7\u00e3o que coloque em risco a seguran\u00e7a no tr\u00e2nsito. O texto pune a divulga\u00e7\u00e3o feita por meios digitais, eletr\u00f4nicos ou impressos de qualquer tipo. A mat\u00e9ria segue para san\u00e7\u00e3o presidencial.<img decoding=\"async\" src=\"https:\/\/pageup-solutions.com\/sitenoticiasvc1\/wp-content\/uploads\/ebc.png61fbcc15842f0.png?id=1440095&#038;o=node\"><\/img><img decoding=\"async\" src=\"https:\/\/pageup-solutions.com\/sitenoticiasvc1\/wp-content\/uploads\/ebc.gif61fbcc15ab94d.png?id=1440095&#038;o=node\"><\/img><\/p>\n<p>&#8220;Pessoas que se utilizando dos seus instrumentos de redes sociais, publicam em redes sociais conhecidas, importantes, rachas, velocidade acima de 200 quil\u00f4metros por hora, toda s\u00e9rie de infra\u00e7\u00f5es, de infra\u00e7\u00f5es de tr\u00e2nsito que acabam, \u00e0s vezes, ocasionando morte, ou, \u00e0s vezes, colocando em risco a vida das pessoas. Este projeto vem estabelecer normas e puni\u00e7\u00e3o especificamente para esse quadro&#8221;, explicou o relator, deputado Hugo Leal (PSD-RJ).<\/p>\n<p>A proposta aprovada estende a proibi\u00e7\u00e3o \u00e0 divulga\u00e7\u00e3o, publica\u00e7\u00e3o ou dissemina\u00e7\u00e3o de condutas que coloquem em risco a integridade f\u00edsica pr\u00f3pria e de terceiros ou que configurem crime de tr\u00e2nsito e \u00e0 divulga\u00e7\u00e3o em meios eletr\u00f4nicos e impressos. A exce\u00e7\u00e3o ser\u00e1 para as publica\u00e7\u00f5es de terceiros que pretendem denunciar esses atos como forma de utilidade p\u00fablica.<\/p>\n<p>De acordo com o texto aprovado, quem divulgar esses atos ser\u00e1 punido com multa de natureza grav\u00edssima multiplicada por dez, aplic\u00e1vel tamb\u00e9m \u00e0 pessoa jur\u00eddica.<\/p>\n<p>Empresas propriet\u00e1rias do canal de divulga\u00e7\u00e3o ou de plataformas digitais que n\u00e3o retirarem o conte\u00fado em at\u00e9 24 horas da notifica\u00e7\u00e3o ter\u00e3o pena de multa grav\u00edssima multiplicada por 50.<\/p>\n<p>Nos casos de reincid\u00eancia nesses crimes dentro de 12 meses, as penalidades ser\u00e3o aplicadas em dobro.<\/p>\n<p>Para quem divulgar imagens com esses conte\u00fados, a proposta prev\u00ea ainda a penalidade de suspens\u00e3o por 12 meses da habilita\u00e7\u00e3o ou permiss\u00e3o de dirigir, aplic\u00e1vel tamb\u00e9m ao condutor de ve\u00edculos que participar das infra\u00e7\u00f5es. A pena ser\u00e1 aplicada independentemente se ato de infra\u00e7\u00e3o e o processo de suspens\u00e3o poder\u00e1 come\u00e7ar em at\u00e9 12 meses contados a partir da divulga\u00e7\u00e3o das imagens. Mesmo que retire o conte\u00fado, o conte\u00fado, o infrator poder\u00e1 ser punido com a suspens\u00e3o da Carteira Nacional de Habilita\u00e7\u00e3o (CNH).<\/p>\n<p>No caso de reincid\u00eancia na divulga\u00e7\u00e3o das infra\u00e7\u00f5es dentro de dois anos, haver\u00e1 a cassa\u00e7\u00e3o da CNH. Nos casos em que n\u00e3o houver habilita\u00e7\u00e3o, o condutor ser\u00e1 proibido de obt\u00ea-la pelo prazo da suspens\u00e3o ou da cassa\u00e7\u00e3o, conforme a penalidade aplic\u00e1vel ao caso.<\/p>\n<p><em>*Com informa\u00e7\u00f5es da Ag\u00eancia C\u00e2mara<\/em><\/p>\n<\/p><\/div>\n","protected":false},"excerpt":{"rendered":"<p>O plen\u00e1rio da C\u00e2mara aprovou nesta quarta-feira (2) o projeto de lei que pro\u00edbe a divulga\u00e7\u00e3o de infra\u00e7\u00e3o que coloque [&hellip;]<\/p>\n","protected":false},"author":1,"featured_media":31196,"comment_status":"closed","ping_status":"closed","sticky":false,"template":"","format":"standard","meta":{"footnotes":""},"categories":[354],"tags":[373,377,408,434,472],"class_list":["post-31195","post","type-post","status-publish","format-standard","has-post-thumbnail","hentry","category-politica","tag-camara-dos-deputados","tag-codigo-de-transito-brasileiro","tag-infracao-de-transito","tag-politica","tag-violencia-no-transito"],"_links":{"self":[{"href":"https:\/\/pageup-solutions.com\/sitenoticiasvc1\/wp-json\/wp\/v2\/posts\/31195","targetHints":{"allow":["GET"]}}],"collection":[{"href":"https:\/\/pageup-solutions.com\/sitenoticiasvc1\/wp-json\/wp\/v2\/posts"}],"about":[{"href":"https:\/\/pageup-solutions.com\/sitenoticiasvc1\/wp-json\/wp\/v2\/types\/post"}],"author":[{"embeddable":true,"href":"https:\/\/pageup-solutions.com\/sitenoticiasvc1\/wp-json\/wp\/v2\/users\/1"}],"replies":[{"embeddable":true,"href":"https:\/\/pageup-solutions.com\/sitenoticiasvc1\/wp-json\/wp\/v2\/comments?post=31195"}],"version-history":[{"count":0,"href":"https:\/\/pageup-solutions.com\/sitenoticiasvc1\/wp-json\/wp\/v2\/posts\/31195\/revisions"}],"wp:featuredmedia":[{"embeddable":true,"href":"https:\/\/pageup-solutions.com\/sitenoticiasvc1\/wp-json\/wp\/v2\/media\/31196"}],"wp:attachment":[{"href":"https:\/\/pageup-solutions.com\/sitenoticiasvc1\/wp-json\/wp\/v2\/media?parent=31195"}],"wp:term":[{"taxonomy":"category","embeddable":true,"href":"https:\/\/pageup-solutions.com\/sitenoticiasvc1\/wp-json\/wp\/v2\/categories?post=31195"},{"taxonomy":"post_tag","embeddable":true,"href":"https:\/\/pageup-solutions.com\/sitenoticiasvc1\/wp-json\/wp\/v2\/tags?post=31195"}],"curies":[{"name":"wp","href":"https:\/\/api.w.org\/{rel}","templated":true}]}}