{"id":31199,"date":"2022-02-03T09:35:18","date_gmt":"2022-02-03T12:35:18","guid":{"rendered":"https:\/\/pageup-solutions.com\/sitenoticiasv14\/presidente-bolsonaro-fala-sobre-auxilio-brasil-e-prioridades-para-2022\/"},"modified":"2022-02-03T09:35:18","modified_gmt":"2022-02-03T12:35:18","slug":"presidente-bolsonaro-fala-sobre-auxilio-brasil-e-prioridades-para-2022","status":"publish","type":"post","link":"https:\/\/pageup-solutions.com\/sitenoticiasvc1\/presidente-bolsonaro-fala-sobre-auxilio-brasil-e-prioridades-para-2022\/","title":{"rendered":"Presidente Bolsonaro fala sobre Aux\u00edlio Brasil e prioridades para 2022"},"content":{"rendered":"<div>\n<p>O presidente Jair Bolsonaro falou hoje (2), em entrevista ao programa <em>A Voz do Brasil<\/em>, sobre a retomada econ\u00f4mica ap\u00f3s os impactos da pandemia, sobre o Aux\u00edlio Brasil e sobre a entrada do pa\u00eds na Organiza\u00e7\u00e3o para a Coopera\u00e7\u00e3o e Desenvolvimento Econ\u00f4mico (OCDE). Esta foi a primeira vez em que um presidente em exerc\u00edcio foi entrevistado, ao vivo, pelo programa.<img decoding=\"async\" src=\"https:\/\/pageup-solutions.com\/sitenoticiasvc1\/wp-content\/uploads\/ebc.png61fbcc1c336f1.png?id=1440057&#038;o=node\"><\/img><img decoding=\"async\" src=\"https:\/\/pageup-solutions.com\/sitenoticiasvc1\/wp-content\/uploads\/ebc.gif61fbcc1c59a77.png?id=1440057&#038;o=node\"><\/img><\/p>\n<p>O presidente, que <a href=\"http:\/\/agenciabrasil.ebc.com.br\/politica\/noticia\/2022-02\/sessao-de-abertura-da-inicio-trabalhos-do-congresso-em-2022\" target=\"_blank\" rel=\"noopener\">mais cedo participou da solenidade inaugural do ano legislativo no Congresso Nacional<\/a>, falou sobre o novo programa de distribui\u00e7\u00e3o de renda do governo federal, o Aux\u00edlio Brasil, que classificou como importante ferramenta na manuten\u00e7\u00e3o da economia.<\/p>\n<p>Bolsonaro anunciou que o governo pretende aumentar o benef\u00edcio do Aux\u00edlio G\u00e1s. Segundo ele, o governo est\u00e1 em contato direto com a Petrobras e estuda viabilidade or\u00e7ament\u00e1ria para revisar o valor do benef\u00edcio. O presidente tamb\u00e9m adiantou que, nesta semana, ser\u00e1 apresentada por parlamentares proposta para diminuir ou zerar impostos sobre combust\u00edveis, eletricidade e g\u00e1s.<\/p>\n<h2>Aux\u00edlio Brasil e Pronampe<\/h2>\n<p>Segundo o presidente, o governo elaborou estrat\u00e9gias distintas para dois grupos da popula\u00e7\u00e3o: os informais, que n\u00e3o possuem v\u00ednculo empregat\u00edcio estabelecido, e as pessoas que possuem emprego formal, mas que tiveram seus empregadores afetados pelas restri\u00e7\u00f5es sanit\u00e1rias impostas pela pandemia. Para o \u00faltimo grupo, o <a href=\"https:\/\/agenciabrasil.ebc.com.br\/economia\/noticia\/2021-04\/governo-destinara-ate-r-15-bi-para-relancar-bem-e-pronampe\" target=\"_blank\" rel=\"noopener\">Programa Nacional de Apoio \u00e0s Microempresas e Empresas de Pequeno Porte<\/a> (Pronampe) e o <a href=\"https:\/\/agenciabrasil.ebc.com.br\/politica\/noticia\/2021-08\/camara-aprova-texto-base-de-mp-que-renova-bem\" target=\"_blank\" rel=\"noopener\">Benef\u00edcio Emergencial de Manuten\u00e7\u00e3o do Emprego e da Renda<\/a> (BEm) foram as solu\u00e7\u00f5es encontradas para mitigar as perdas econ\u00f4micas.<\/p>\n<p>Bolsonaro falou ainda sobre as parcelas pagas em 2021 do aux\u00edlio emergencial. Segundo ele, 68 milh\u00f5es de pessoas foram beneficiadas pelo programa social. \u201cO que manteve a economia viva, al\u00e9m de manter o m\u00ednimo de dignidade para os informais, foi o aux\u00edlio emergencial. N\u00f3s gastamos com o aux\u00edlio emergencial, em 2020, o equivalente a 15 anos de Bolsa Fam\u00edlia.\u201d<\/p>\n<h2>Aumento do piso<\/h2>\n<p><a href=\"https:\/\/agenciabrasil.ebc.com.br\/radioagencia-nacional\/educacao\/audio\/2022-01\/piso-salarial-dos-professores-aumenta-33-e-passa-para-r-3845\" target=\"_blank\" rel=\"noopener\">O aumento do piso salarial de professores<\/a>, estabelecido pelo governo federal, corre o risco de ser judicializado por munic\u00edpios, informou o presidente. \u201cProcuramos atender aos professores. Na ordem de 1,7 milh\u00e3o de professores ser\u00e3o beneficiados. Ou seja, \u00e9 um investimento na ponta da linha em educa\u00e7\u00e3o\u201d, comentou.<\/p>\n<h2>Transposi\u00e7\u00e3o do S\u00e3o Francisco<\/h2>\n<p>O presidente informou que a retomada de obras paralisadas \u201cdesafogou\u201d importantes vias de transporte e escoamento de mercadorias, al\u00e9m de levar dignidade \u00e0 popula\u00e7\u00e3o nordestina. \u201cInvestimos maci\u00e7amente nisso. A satisfa\u00e7\u00e3o em entregar obras que t\u00eam a ver com a \u00e1gua \u00e9 enorme\u201d, disse.<\/p>\n<h2>Economia<\/h2>\n<p>\u201cO Brasil \u00e9 uma oportunidade \u00edmpar de neg\u00f3cios para o mundo todo\u201d, explicou Bolsonaro. <a href=\"https:\/\/agenciabrasil.ebc.com.br\/economia\/noticia\/2022-01\/ocde-formaliza-convite-para-inicio-da-adesao-do-brasil-organizacao\" target=\"_blank\" rel=\"noopener\">O convite para entrar na Organiza\u00e7\u00e3o para a Coopera\u00e7\u00e3o e Desenvolvimento Econ\u00f4mico<\/a> (OCDE), feito esta semana, \u00e9 um \u201cselo de qualidade\u201d que atesta a seguran\u00e7a jur\u00eddica para contratos, neg\u00f3cios e investimentos, argumentou. Ele avaliou tamb\u00e9m que a imagem do pa\u00eds no exterior foi fortalecida durante sua gest\u00e3o. \u201cO Brasil vai muito bem na pol\u00edtica externa\u201d, disse.<\/p>\n<p>O presidente disse que outra iniciativa de incentivo \u00e0 economia \u00e9 a redu\u00e7\u00e3o do Imposto sobre Produtos Industrializados (IPI) que incide sobre autom\u00f3veis, prorrogada no ano passado por mais cinco anos. O desconto do imposto \u00e9 aplicado para taxistas e pessoas com defici\u00eancia, com a adi\u00e7\u00e3o recente de deficientes auditivos na tabela de descontos.<\/p>\n<p>Bolsonaro citou tamb\u00e9m a implementa\u00e7\u00e3o do Pix, sistema gratuito de movimenta\u00e7\u00f5es banc\u00e1rias do Banco Central, que avaliou como revolucion\u00e1rio. \u201cO Pix \u00e9 uma revolu\u00e7\u00e3o. Mais de 100 milh\u00f5es de pessoas usam e \u00e9 gr\u00e1tis. Foi uma maneira inteligente do Banco Central de trazer as pessoas para os bancos pelo Pix.\u201d<\/p>\n<p>Sobre financiamento estudantil, Bolsonaro informou que a anistia de d\u00edvidas para quem est\u00e1 inadimplente est\u00e1 dispon\u00edvel e que estudantes poder\u00e3o quitar os d\u00e9bitos em ag\u00eancias da Caixa ou do Banco do Brasil. Os descontos chegam a 92%. \u201cPara essa garotada, pegamos o que tinha agregado em forma de juros e anistiamos 92% desse valor. O jovem pode procurar a caixa ou o BB e pagar 8% do que recebeu e ainda pode parcelar.\u201d<\/p>\n<p>Em rela\u00e7\u00e3o a <a href=\"https:\/\/agenciabrasil.ebc.com.br\/geral\/noticia\/2022-02\/prova-de-vida-para-o-inss-deixa-de-ser-exigida-presencialmente\" target=\"_blank\" rel=\"noopener\">mudan\u00e7as anunciadas hoje pelo Instituto Nacional de Seguridade Social<\/a> (INSS), Bolsonaro disse que \u201cinverteu o \u00f4nus da prova\u201d para aposentados e que o governo tem uma base de dados suficientemente ampla para identificar quem est\u00e1 vivo e quais benefici\u00e1rios j\u00e1 morreram. &#8220;N\u00e3o \u00e9 justo fazer 99,99% [dos aposentados] procurarem o posto do INSS para dizer que est\u00e3o vivos. \u00c9 uma medida at\u00e9 humanit\u00e1ria\u201d, acrescentou.<\/p>\n<h2>Assista na \u00edntegra:<\/h2>\n<p><iframe allowfullscreen=\"\" frameborder=\"0\" src=\"https:\/\/www.youtube.com\/embed\/\/OyYVyF8yiQU\"><\/iframe><\/p>\n<p><em>*Mat\u00e9ria atualizada \u00e0s 20h25 para acr\u00e9scimo de conte\u00fado.<\/em><\/p>\n<\/p><\/div>\n","protected":false},"excerpt":{"rendered":"<p>O presidente Jair Bolsonaro falou hoje (2), em entrevista ao programa A Voz do Brasil, sobre a retomada econ\u00f4mica ap\u00f3s [&hellip;]<\/p>\n","protected":false},"author":1,"featured_media":31200,"comment_status":"closed","ping_status":"closed","sticky":false,"template":"","format":"standard","meta":{"footnotes":""},"categories":[354],"tags":[359,371,405,409,423,434],"class_list":["post-31199","post","type-post","status-publish","format-standard","has-post-thumbnail","hentry","category-politica","tag-a-voz-do-brasil","tag-auxilio-brasil","tag-governo-federal","tag-jair-bolsonaro","tag-multimidia","tag-politica"],"_links":{"self":[{"href":"https:\/\/pageup-solutions.com\/sitenoticiasvc1\/wp-json\/wp\/v2\/posts\/31199","targetHints":{"allow":["GET"]}}],"collection":[{"href":"https:\/\/pageup-solutions.com\/sitenoticiasvc1\/wp-json\/wp\/v2\/posts"}],"about":[{"href":"https:\/\/pageup-solutions.com\/sitenoticiasvc1\/wp-json\/wp\/v2\/types\/post"}],"author":[{"embeddable":true,"href":"https:\/\/pageup-solutions.com\/sitenoticiasvc1\/wp-json\/wp\/v2\/users\/1"}],"replies":[{"embeddable":true,"href":"https:\/\/pageup-solutions.com\/sitenoticiasvc1\/wp-json\/wp\/v2\/comments?post=31199"}],"version-history":[{"count":0,"href":"https:\/\/pageup-solutions.com\/sitenoticiasvc1\/wp-json\/wp\/v2\/posts\/31199\/revisions"}],"wp:featuredmedia":[{"embeddable":true,"href":"https:\/\/pageup-solutions.com\/sitenoticiasvc1\/wp-json\/wp\/v2\/media\/31200"}],"wp:attachment":[{"href":"https:\/\/pageup-solutions.com\/sitenoticiasvc1\/wp-json\/wp\/v2\/media?parent=31199"}],"wp:term":[{"taxonomy":"category","embeddable":true,"href":"https:\/\/pageup-solutions.com\/sitenoticiasvc1\/wp-json\/wp\/v2\/categories?post=31199"},{"taxonomy":"post_tag","embeddable":true,"href":"https:\/\/pageup-solutions.com\/sitenoticiasvc1\/wp-json\/wp\/v2\/tags?post=31199"}],"curies":[{"name":"wp","href":"https:\/\/api.w.org\/{rel}","templated":true}]}}