{"id":31207,"date":"2022-02-03T09:35:52","date_gmt":"2022-02-03T12:35:52","guid":{"rendered":"https:\/\/pageup-solutions.com\/sitenoticiasv14\/guedes-nomeia-daniella-marques-como-nova-secretaria-especial\/"},"modified":"2022-02-03T09:35:52","modified_gmt":"2022-02-03T12:35:52","slug":"guedes-nomeia-daniella-marques-como-nova-secretaria-especial","status":"publish","type":"post","link":"https:\/\/pageup-solutions.com\/sitenoticiasvc1\/guedes-nomeia-daniella-marques-como-nova-secretaria-especial\/","title":{"rendered":"Guedes nomeia Daniella Marques como nova secret\u00e1ria especial"},"content":{"rendered":"<p>O ministro da Economia, Paulo Guedes, anunciou remanejamentos no cargo nesta noite. A assessoria especial Daniella Marques Consentino, que integra a equipe econ\u00f4mica desde que Guedes assumiu o minist\u00e9rio, ser\u00e1 a nova secret\u00e1ria especial de Produtividade, Emprego e Competitividade.<\/p>\n<p>Ela substituir\u00e1 Carlos da Costa, que assumir\u00e1 o rec\u00e9m-criado cargo de adido do Minist\u00e9rio da Economia em Washington. Desde o in\u00edcio do governo, Daniella ocupava a Assessoria Especial para Assuntos Estrat\u00e9gicos do minist\u00e9rio.<\/p>\n<p>Para o lugar de Daniella, Guedes remanejou o atual secret\u00e1rio de Pol\u00edtica Econ\u00f4mica, Adolfo Sachsida. Ele tamb\u00e9m estava na fun\u00e7\u00e3o desde 2019.<\/p>\n<p>S\u00f3cia-fundadora e diretora de fundos de investimento antes de ingressar no governo, Daniella \u00e9 formada em administra\u00e7\u00e3o pela Pontif\u00edcia Universidade Cat\u00f3lica (PUC) do Rio\u00a0de Janeiro\u00a0e tem MBA em Finan\u00e7as pelo Ibmec. Ela atuou por 20 anos no mercado financeiro, na \u00e1rea de gest\u00e3o independente de fundos de investimentos.<\/p>\n<p>Com doutorado em Economia pela Universidade de Bras\u00edlia (UnB) e p\u00f3s-doutorado pela Universidade do Alabama, nos Estados Unidos, Sachsida deu aula na Universidade do Texas. Autor de publica\u00e7\u00f5es sobre pol\u00edtica econ\u00f4mica, monet\u00e1ria, fiscal, avalia\u00e7\u00e3o de pol\u00edticas p\u00fablicas e tributa\u00e7\u00e3o, ele tamb\u00e9m \u00e9 advogado especializado em direito tribut\u00e1rio. Antes de chegar ao governo, trabalhava como pesquisador do Instituto de Pesquisa Econ\u00f4mica Aplicada (Ipea), onde \u00e9 servidor de carreira.<\/p>\n<p>A Secretaria Especial de Produtividade, Emprego e Competitividade \u00e9 respons\u00e1vel por programas de qualifica\u00e7\u00e3o profissional e pela elabora\u00e7\u00e3o de pol\u00edticas que melhorem a produtividade da economia. Nos pr\u00f3ximos meses, o \u00f3rg\u00e3o pretende lan\u00e7ar um painel de acompanhamento de investimentos privados, gerados por concess\u00f5es e privatiza\u00e7\u00f5es.<\/p>\n<p>Al\u00e9m de publicar estudos com os efeitos das pol\u00edticas e das reformas promovidas pelo governo, a Secretaria de Pol\u00edtica Econ\u00f4mica elabora as previs\u00f5es oficiais do Minist\u00e9rio da Economia para vari\u00e1veis econ\u00f4micas como Produto Interno Bruto (PIB) e infla\u00e7\u00e3o. Essas estimativas s\u00e3o usadas na elabora\u00e7\u00e3o do Or\u00e7amento e s\u00e3o revisadas a cada dois meses, uma semana antes de o governo anunciar o contingenciamento (bloqueio) ou a libera\u00e7\u00e3o de verbas.<img decoding=\"async\" src=\"https:\/\/pageup-solutions.com\/sitenoticiasvc1\/wp-content\/uploads\/ebc.png61fbcc2a65433.png?id=1440119&#038;o=rss\" style=\"width:1px;height:1px\" \/><img decoding=\"async\" src=\"https:\/\/pageup-solutions.com\/sitenoticiasvc1\/wp-content\/uploads\/ebc.gif61fbcc2a8bcf9.png?id=1440119&#038;o=rss\" style=\"width:1px;height:1px\" \/><\/p>\n","protected":false},"excerpt":{"rendered":"<p>O ministro da Economia, Paulo Guedes, anunciou remanejamentos no cargo nesta noite. A assessoria especial Daniella Marques Consentino, que integra [&hellip;]<\/p>\n","protected":false},"author":1,"featured_media":31208,"comment_status":"open","ping_status":"open","sticky":false,"template":"","format":"standard","meta":{"footnotes":""},"categories":[344],"tags":[],"class_list":["post-31207","post","type-post","status-publish","format-standard","has-post-thumbnail","hentry","category-economia"],"_links":{"self":[{"href":"https:\/\/pageup-solutions.com\/sitenoticiasvc1\/wp-json\/wp\/v2\/posts\/31207","targetHints":{"allow":["GET"]}}],"collection":[{"href":"https:\/\/pageup-solutions.com\/sitenoticiasvc1\/wp-json\/wp\/v2\/posts"}],"about":[{"href":"https:\/\/pageup-solutions.com\/sitenoticiasvc1\/wp-json\/wp\/v2\/types\/post"}],"author":[{"embeddable":true,"href":"https:\/\/pageup-solutions.com\/sitenoticiasvc1\/wp-json\/wp\/v2\/users\/1"}],"replies":[{"embeddable":true,"href":"https:\/\/pageup-solutions.com\/sitenoticiasvc1\/wp-json\/wp\/v2\/comments?post=31207"}],"version-history":[{"count":0,"href":"https:\/\/pageup-solutions.com\/sitenoticiasvc1\/wp-json\/wp\/v2\/posts\/31207\/revisions"}],"wp:featuredmedia":[{"embeddable":true,"href":"https:\/\/pageup-solutions.com\/sitenoticiasvc1\/wp-json\/wp\/v2\/media\/31208"}],"wp:attachment":[{"href":"https:\/\/pageup-solutions.com\/sitenoticiasvc1\/wp-json\/wp\/v2\/media?parent=31207"}],"wp:term":[{"taxonomy":"category","embeddable":true,"href":"https:\/\/pageup-solutions.com\/sitenoticiasvc1\/wp-json\/wp\/v2\/categories?post=31207"},{"taxonomy":"post_tag","embeddable":true,"href":"https:\/\/pageup-solutions.com\/sitenoticiasvc1\/wp-json\/wp\/v2\/tags?post=31207"}],"curies":[{"name":"wp","href":"https:\/\/api.w.org\/{rel}","templated":true}]}}