{"id":31223,"date":"2022-02-03T09:35:48","date_gmt":"2022-02-03T12:35:48","guid":{"rendered":"https:\/\/pageup-solutions.com\/sitenoticiasv14\/copom-eleva-juros-basicos-da-economia-para-1075-ao-ano\/"},"modified":"2022-02-03T09:35:48","modified_gmt":"2022-02-03T12:35:48","slug":"copom-eleva-juros-basicos-da-economia-para-1075-ao-ano","status":"publish","type":"post","link":"https:\/\/pageup-solutions.com\/sitenoticiasvc1\/copom-eleva-juros-basicos-da-economia-para-1075-ao-ano\/","title":{"rendered":"Copom eleva juros b\u00e1sicos da economia para 10,75% ao ano"},"content":{"rendered":"<p>Em meio ao aumento da infla\u00e7\u00e3o de alimentos, combust\u00edveis e energia, o Banco Central (BC) apertou ainda mais os cintos na pol\u00edtica monet\u00e1ria. Por unanimidade, o Comit\u00ea de Pol\u00edtica Monet\u00e1ria (Copom) elevou a taxa Selic, juros b\u00e1sicos da economia, de 9,25% para 10,75% ao ano. A decis\u00e3o era esperada pelos <a href=\"https:\/\/agenciabrasil.ebc.com.br\/economia\/noticia\/2022-01\/mercado-financeiro-eleva-projecao-de-inflacao-para-538-em-2022\" target=\"_blank\" rel=\"noopener\">analistas financeiros<\/a>.<\/p>\n<p>A taxa atingiu os dois d\u00edgitos pela primeira vez desde julho de 2017, quando tamb\u00e9m estava em 10,25% ao ano. Esse foi o oitavo reajuste consecutivo na taxa Selic. De mar\u00e7o a junho do ano passado, o Copom tinha elevado a taxa em 0,75 ponto percentual em cada encontro. No in\u00edcio\u00a0de agosto, o BC passou a aumentar a Selic em 1 ponto a cada reuni\u00e3o. Com a alta da infla\u00e7\u00e3o e o agravamento das tens\u00f5es no mercado financeiro, o reajuste passou para 1,5 ponto nas tr\u00eas \u00faltimas reuni\u00f5es.<img decoding=\"async\" src=\"https:\/\/pageup-solutions.com\/sitenoticiasvc1\/wp-content\/uploads\/ebc.png61fbcc42d62d6.png?id=1440043&#038;o=rss\" style=\"width:1px;height:1px\" \/><img decoding=\"async\" src=\"https:\/\/pageup-solutions.com\/sitenoticiasvc1\/wp-content\/uploads\/ebc.gif61fbcc430b283.png?id=1440043&#038;o=rss\" style=\"width:1px;height:1px\" \/><\/p>\n<p>Em comunicado, o Copom indicou que continuar\u00e1 a elevar os juros b\u00e1sicos at\u00e9 que a infla\u00e7\u00e3o esteja controlada no m\u00e9dio prazo. O \u00f3rg\u00e3o, no entanto, informou que reduzir\u00e1 o ritmo das altas da taxa Selic nas pr\u00f3ximas reuni\u00f5es, porque a economia ainda est\u00e1 sentindo o impacto dos aumentos anteriores.<\/p>\n<p>\u201cEm rela\u00e7\u00e3o aos seus pr\u00f3ximos passos, o Comit\u00ea antev\u00ea como mais adequada, neste momento, a redu\u00e7\u00e3o do ritmo de ajuste da taxa b\u00e1sica de juros. Essa sinaliza\u00e7\u00e3o reflete o est\u00e1gio do ciclo de aperto, cujos efeitos cumulativos se manifestar\u00e3o ao longo do horizonte relevante\u201d, destacou a nota do Copom.<\/p>\n<p>Com a decis\u00e3o de\u00a0hoje\u00a0(2), a Selic continua num ciclo de alta, depois de passar seis anos em ser elevada. De julho de 2015 a outubro de 2016, a taxa permaneceu em 14,25% ao ano. Depois disso, o Copom voltou a reduzir os juros b\u00e1sicos da economia at\u00e9 que a taxa chegasse a 6,5% ao ano em mar\u00e7o de 2018. A Selic voltou a ser reduzida em agosto de 2019 at\u00e9 alcan\u00e7ar 2% ao ano em agosto de 2020, influenciada pela contra\u00e7\u00e3o econ\u00f4mica gerada pela pandemia de covid-19. Esse era o menor n\u00edvel da s\u00e9rie hist\u00f3rica iniciada em 1986.<\/p>\n<h2>Assista na TV Brasil<\/h2>\n<p><!--\/*--><!--*\/\n\n<!--\/*--><!--*\/\n.embed-container { position: relative; padding-bottom: 56.25%; height: 0; overflow: hidden; max-width: 100%; } .embed-container iframe, .embed-container object, .embed-container embed { position: absolute; top: 0; left: 0; width: 100%; height: 100%; }\n\n\/*-->*\/<\/p>\n<p>\/*&#8211;>*\/<\/p>\n<div class=\"embed-container\"><\/div>\n<h2>\nInfla\u00e7\u00e3o<\/h2>\n<p>A Selic \u00e9 o principal instrumento do Banco Central para manter sob controle a infla\u00e7\u00e3o oficial, medida pelo \u00cdndice Nacional de Pre\u00e7os ao Consumidor Amplo (IPCA). Em 2020, o <a href=\"https:\/\/agenciabrasil.ebc.com.br\/economia\/noticia\/2022-01\/gasolina-sobe-4749-e-gas-de-botijao-3699-em-2021-diz-ibge\" target=\"_blank\" rel=\"noopener\">indicador<\/a> fechou em 10,06%, no maior n\u00edvel desde 2015, pressionado pelo d\u00f3lar, pelos combust\u00edveis e pela alta da energia el\u00e9trica.<\/p>\n<p>O valor est\u00e1 acima do teto da meta de infla\u00e7\u00e3o, que era de 5,25% no ano passado. Para 2022, o Conselho Monet\u00e1rio Nacional (CMN) fixou meta de infla\u00e7\u00e3o de 3,5%, com margem de toler\u00e2ncia de 1,5 ponto percentual. O IPCA, portanto, n\u00e3o podia superar 5% neste ano nem ficar abaixo de 2%.<\/p>\n<p>No <a href=\"https:\/\/agenciabrasil.ebc.com.br\/economia\/noticia\/2021-12\/banco-central-projeta-inflacao-de-102-para-este-ano\" target=\"_blank\" rel=\"noopener\">Relat\u00f3rio de Infla\u00e7\u00e3o<\/a>\u00a0divulgado no fim\u00a0de dezembro\u00a0pelo Banco Central, a autoridade monet\u00e1ria estimava que, em 2021, o IPCA fechar\u00e1 2022 em 4,7% no cen\u00e1rio base. A proje\u00e7\u00e3o, no entanto, pode estar desatualizada com as <a href=\"https:\/\/agenciabrasil.ebc.com.br\/economia\/noticia\/2022-01\/entenda-os-fatores-que-pressionam-inflacao-no-Brasil-e-no-mundo\" target=\"_blank\" rel=\"noopener\">tens\u00f5es internacionais<\/a>\u00a0que elevam a cota\u00e7\u00e3o do petr\u00f3leo e com fatores clim\u00e1ticos que prejudicam as safras em diversas partes do Brasil.<\/p>\n<p>As previs\u00f5es do mercado est\u00e3o mais pessimistas. De acordo com o <a href=\"http:\/\/\u00a0https:\/\/agenciabrasil.ebc.com.br\/economia\/noticia\/2022-01\/mercado-financeiro-eleva-projecao-de-inflacao-para-538-em-2022\" target=\"_blank\" rel=\"noopener\">boletim Focus<\/a>, pesquisa semanal com institui\u00e7\u00f5es financeiras divulgada pelo BC, a infla\u00e7\u00e3o oficial dever\u00e1 fechar o ano em 5,38%. A proje\u00e7\u00e3o oficial s\u00f3 ser\u00e1 atualizada no pr\u00f3ximo Relat\u00f3rio de Infla\u00e7\u00e3o, que ser\u00e1 divulgado no fim\u00a0de mar\u00e7o.<\/p>\n<div class=\"dnd-widget-wrapper context-cheio_8colunas type-audio\">\n<div class=\"dnd-atom-rendered\"><!-- scald=277985:cheio_8colunas --><\/p>\n<div class=\"col-lg-12 shadow-sm sticky-element px-0 m-0 z-9\">\n<div class=\"rounded-lg\">\n<div class=\"player-wrapper bg-secondary\">\n            <audio id=\"media-277985\" preload=\"none\" controls style=\"max-width:100%\" class=\"rounded-lg shadow-sm\" target=\"_blank\"><\/p>\n<p>            <\/audio>\n        <\/div>\n<\/p><\/div>\n<\/div>\n<p><!-- END scald=277985 --><\/div>\n<div class=\"dnd-caption-wrapper\">\n<p><a data-cke-saved-href=\"https:\/\/agenciabrasil.ebc.com.br\/radioagencia-nacional\" href=\"https:\/\/agenciabrasil.ebc.com.br\/radioagencia-nacional\" target=\"_blank\" rel=\"noopener\">Clique aqui e confira todas as not\u00edcias da <strong>Radioag\u00eancia Nacional<\/strong><\/a>\n<\/p>\n<\/div>\n<\/div>\n<h2>Cr\u00e9dito mais caro<\/h2>\n<p>A eleva\u00e7\u00e3o da taxa Selic ajuda a controlar a infla\u00e7\u00e3o. Isso porque juros maiores encarecem o cr\u00e9dito e desestimulam a produ\u00e7\u00e3o e o consumo. Por outro lado, taxas mais altas dificultam a recupera\u00e7\u00e3o da economia. No \u00faltimo <a href=\"https:\/\/agenciabrasil.ebc.com.br\/economia\/noticia\/2021-12\/bc-reduz-previsao-de-crescimento-da-economia-de-47-para-44-em-2021\" target=\"_blank\" rel=\"noopener\">Relat\u00f3rio de Infla\u00e7\u00e3o<\/a>, o Banco Central projetava crescimento de 1%\u00a0para a economia em 2022.<\/p>\n<p>O mercado projeta crescimento um pouco maior. Segundo a \u00faltima edi\u00e7\u00e3o do <a href=\"https:\/\/agenciabrasil.ebc.com.br\/economia\/noticia\/2022-01\/mercado-financeiro-eleva-projecao-de-inflacao-para-538-em-2022\" target=\"_blank\" rel=\"noopener\">boletim Focus<\/a>, os analistas econ\u00f4micos preveem expans\u00e3o de 1,55%\u00a0do Produto Interno Bruto (PIB, soma dos bens e servi\u00e7os produzidos pelo pa\u00eds) neste ano.<\/p>\n<p>A taxa b\u00e1sica de juros \u00e9 usada nas negocia\u00e7\u00f5es de t\u00edtulos p\u00fablicos no Sistema Especial de Liquida\u00e7\u00e3o e Cust\u00f3dia (Selic) e serve de refer\u00eancia para as demais taxas de juros da economia. Ao reajust\u00e1-la para cima, o Banco Central segura o excesso de demanda que pressiona os pre\u00e7os, porque juros mais altos encarecem o cr\u00e9dito e estimulam a poupan\u00e7a.<\/p>\n<p>Ao reduzir os juros b\u00e1sicos, o Copom barateia o cr\u00e9dito e incentiva a produ\u00e7\u00e3o e o consumo, mas enfraquece o controle da infla\u00e7\u00e3o. Para cortar a Selic, a autoridade monet\u00e1ria precisa estar segura de que os pre\u00e7os est\u00e3o sob controle e n\u00e3o correm risco de subir.<\/p>\n","protected":false},"excerpt":{"rendered":"<p>Em meio ao aumento da infla\u00e7\u00e3o de alimentos, combust\u00edveis e energia, o Banco Central (BC) apertou ainda mais os cintos [&hellip;]<\/p>\n","protected":false},"author":1,"featured_media":31224,"comment_status":"open","ping_status":"open","sticky":false,"template":"","format":"standard","meta":{"footnotes":""},"categories":[344],"tags":[],"class_list":["post-31223","post","type-post","status-publish","format-standard","has-post-thumbnail","hentry","category-economia"],"_links":{"self":[{"href":"https:\/\/pageup-solutions.com\/sitenoticiasvc1\/wp-json\/wp\/v2\/posts\/31223","targetHints":{"allow":["GET"]}}],"collection":[{"href":"https:\/\/pageup-solutions.com\/sitenoticiasvc1\/wp-json\/wp\/v2\/posts"}],"about":[{"href":"https:\/\/pageup-solutions.com\/sitenoticiasvc1\/wp-json\/wp\/v2\/types\/post"}],"author":[{"embeddable":true,"href":"https:\/\/pageup-solutions.com\/sitenoticiasvc1\/wp-json\/wp\/v2\/users\/1"}],"replies":[{"embeddable":true,"href":"https:\/\/pageup-solutions.com\/sitenoticiasvc1\/wp-json\/wp\/v2\/comments?post=31223"}],"version-history":[{"count":0,"href":"https:\/\/pageup-solutions.com\/sitenoticiasvc1\/wp-json\/wp\/v2\/posts\/31223\/revisions"}],"wp:featuredmedia":[{"embeddable":true,"href":"https:\/\/pageup-solutions.com\/sitenoticiasvc1\/wp-json\/wp\/v2\/media\/31224"}],"wp:attachment":[{"href":"https:\/\/pageup-solutions.com\/sitenoticiasvc1\/wp-json\/wp\/v2\/media?parent=31223"}],"wp:term":[{"taxonomy":"category","embeddable":true,"href":"https:\/\/pageup-solutions.com\/sitenoticiasvc1\/wp-json\/wp\/v2\/categories?post=31223"},{"taxonomy":"post_tag","embeddable":true,"href":"https:\/\/pageup-solutions.com\/sitenoticiasvc1\/wp-json\/wp\/v2\/tags?post=31223"}],"curies":[{"name":"wp","href":"https:\/\/api.w.org\/{rel}","templated":true}]}}