{"id":31227,"date":"2022-02-03T12:06:40","date_gmt":"2022-02-03T15:06:40","guid":{"rendered":"https:\/\/pageup-solutions.com\/sitenoticiasv14\/procurador-geral-da-republica-testa-positivo-para-covid-19\/"},"modified":"2022-02-03T12:06:40","modified_gmt":"2022-02-03T15:06:40","slug":"procurador-geral-da-republica-testa-positivo-para-covid-19","status":"publish","type":"post","link":"https:\/\/pageup-solutions.com\/sitenoticiasvc1\/procurador-geral-da-republica-testa-positivo-para-covid-19\/","title":{"rendered":"Procurador-geral da Rep\u00fablica testa positivo para covid-19"},"content":{"rendered":"<div>\n<p>O procurador-geral da Rep\u00fablica, Augusto Aras, testou positivo para covid-19, informou hoje (2) a Procuradoria-Geral da Rep\u00fablica (PGR) por meio de nota. Ele j\u00e1 tomou tr\u00eas de vacina contra a doen\u00e7a e encontra-se assintom\u00e1tico, segundo o \u00f3rg\u00e3o.<img decoding=\"async\" src=\"https:\/\/pageup-solutions.com\/sitenoticiasvc1\/wp-content\/uploads\/ebc.png61fbef851169d.png?id=1439998&#038;o=node\"><\/img><img decoding=\"async\" src=\"https:\/\/pageup-solutions.com\/sitenoticiasvc1\/wp-content\/uploads\/ebc.gif61fbef854d8e2.png?id=1439998&#038;o=node\"><\/img><\/p>\n<p>Em decorr\u00eancia do teste positivo, Aras n\u00e3o participar\u00e1 da sess\u00e3o de abertura do ano legislativo no Congresso Nacional, prevista para a tarde desta quarta-feira (2).<\/p>\n<p>O diagn\u00f3stico foi descoberto por meio de exame de rotina, informou a PGR. Aras segue trabalhando remotamente, de casa. A princ\u00edpio, o afastamento se dar\u00e1 at\u00e9 o fim desta semana, conforme recomenda\u00e7\u00e3o m\u00e9dica, acrescentou o \u00f3rg\u00e3o.\u00a0<\/p>\n<\/p><\/div>\n","protected":false},"excerpt":{"rendered":"<p>O procurador-geral da Rep\u00fablica, Augusto Aras, testou positivo para covid-19, informou hoje (2) a Procuradoria-Geral da Rep\u00fablica (PGR) por meio [&hellip;]<\/p>\n","protected":false},"author":1,"featured_media":31228,"comment_status":"closed","ping_status":"closed","sticky":false,"template":"","format":"standard","meta":{"footnotes":""},"categories":[354],"tags":[370,381,383,425,430,434],"class_list":["post-31227","post","type-post","status-publish","format-standard","has-post-thumbnail","hentry","category-politica","tag-augusto-aras","tag-coronavirus","tag-covid-19","tag-pandemia","tag-pgr","tag-politica"],"_links":{"self":[{"href":"https:\/\/pageup-solutions.com\/sitenoticiasvc1\/wp-json\/wp\/v2\/posts\/31227","targetHints":{"allow":["GET"]}}],"collection":[{"href":"https:\/\/pageup-solutions.com\/sitenoticiasvc1\/wp-json\/wp\/v2\/posts"}],"about":[{"href":"https:\/\/pageup-solutions.com\/sitenoticiasvc1\/wp-json\/wp\/v2\/types\/post"}],"author":[{"embeddable":true,"href":"https:\/\/pageup-solutions.com\/sitenoticiasvc1\/wp-json\/wp\/v2\/users\/1"}],"replies":[{"embeddable":true,"href":"https:\/\/pageup-solutions.com\/sitenoticiasvc1\/wp-json\/wp\/v2\/comments?post=31227"}],"version-history":[{"count":0,"href":"https:\/\/pageup-solutions.com\/sitenoticiasvc1\/wp-json\/wp\/v2\/posts\/31227\/revisions"}],"wp:featuredmedia":[{"embeddable":true,"href":"https:\/\/pageup-solutions.com\/sitenoticiasvc1\/wp-json\/wp\/v2\/media\/31228"}],"wp:attachment":[{"href":"https:\/\/pageup-solutions.com\/sitenoticiasvc1\/wp-json\/wp\/v2\/media?parent=31227"}],"wp:term":[{"taxonomy":"category","embeddable":true,"href":"https:\/\/pageup-solutions.com\/sitenoticiasvc1\/wp-json\/wp\/v2\/categories?post=31227"},{"taxonomy":"post_tag","embeddable":true,"href":"https:\/\/pageup-solutions.com\/sitenoticiasvc1\/wp-json\/wp\/v2\/tags?post=31227"}],"curies":[{"name":"wp","href":"https:\/\/api.w.org\/{rel}","templated":true}]}}