{"id":31239,"date":"2022-02-03T12:06:56","date_gmt":"2022-02-03T15:06:56","guid":{"rendered":"https:\/\/pageup-solutions.com\/sitenoticiasv14\/numero-de-imoveis-novos-cresceu-246-ate-outubro-de-2021\/"},"modified":"2022-02-03T12:06:56","modified_gmt":"2022-02-03T15:06:56","slug":"numero-de-imoveis-novos-cresceu-246-ate-outubro-de-2021","status":"publish","type":"post","link":"https:\/\/pageup-solutions.com\/sitenoticiasvc1\/numero-de-imoveis-novos-cresceu-246-ate-outubro-de-2021\/","title":{"rendered":"N\u00famero de im\u00f3veis novos cresceu 24,6% at\u00e9 outubro de 2021"},"content":{"rendered":"<p>O lan\u00e7amento de im\u00f3veis no mercado cresceu 24,6% entre janeiro e outubro de 2021 em compara\u00e7\u00e3o com igual per\u00edodo do ano passado. O levantamento \u00e9 da Associa\u00e7\u00e3o Brasileira de Incorporadoras Imobili\u00e1rias (Abrainc) em conjunto com a Funda\u00e7\u00e3o Instituto de Pesquisas Econ\u00f4micas (Fipe).<img decoding=\"async\" src=\"https:\/\/pageup-solutions.com\/sitenoticiasvc1\/wp-content\/uploads\/ebc.png61fbef9eee4a0.png?id=1440005&#038;o=rss\" style=\"width:1px;height:1px\" \/><img decoding=\"async\" src=\"https:\/\/pageup-solutions.com\/sitenoticiasvc1\/wp-content\/uploads\/ebc.gif61fbef9f223e1.png?id=1440005&#038;o=rss\" style=\"width:1px;height:1px\" \/><\/p>\n<p>Os empreendimentos novos nesse intervalo somaram 107.390 unidades. O levantamento utiliza dados compartilhados por 18 incorporadoras associadas.<\/p>\n<p>Na avalia\u00e7\u00e3o trimestral, de agosto a outubro do ano passado, no entanto, houve queda de 9,8% comparado com os mesmos meses de 2020. Foram lan\u00e7ados 38.680 im\u00f3veis no per\u00edodo.<\/p>\n<p>No acumulado de 12 meses, considerando outubro de 2021 como m\u00eas fim, foram 142.282 unidades lan\u00e7adas. O volume corresponde a um incremento de 20,8% no mercado imobili\u00e1rio em rela\u00e7\u00e3o aos 12 meses anteriores.<\/p>\n<h2>Vendas<\/h2>\n<p>Em rela\u00e7\u00e3o \u00e0s vendas, nos dez primeiros meses de 2021, foram comercializadas 119.866 unidades, uma alta de 7,5% se comparado a igual per\u00edodo do ano anterior. No acumulado de 12 meses, foram vendidos 146.901 im\u00f3veis novos, o que representa 10,3% a mais do que no intervalo anterior.<\/p>\n<p>Para a Abrainc, o resultado indica um bom desempenho do setor ao longo do ano passado. Em nota, a entidade aponta que h\u00e1 otimismo entre os empreendedores para as perspectivas de 2022, mas que seguem atentos ao cen\u00e1rio econ\u00f4mico.<\/p>\n","protected":false},"excerpt":{"rendered":"<p>O lan\u00e7amento de im\u00f3veis no mercado cresceu 24,6% entre janeiro e outubro de 2021 em compara\u00e7\u00e3o com igual per\u00edodo do [&hellip;]<\/p>\n","protected":false},"author":1,"featured_media":31240,"comment_status":"open","ping_status":"open","sticky":false,"template":"","format":"standard","meta":{"footnotes":""},"categories":[344],"tags":[],"class_list":["post-31239","post","type-post","status-publish","format-standard","has-post-thumbnail","hentry","category-economia"],"_links":{"self":[{"href":"https:\/\/pageup-solutions.com\/sitenoticiasvc1\/wp-json\/wp\/v2\/posts\/31239","targetHints":{"allow":["GET"]}}],"collection":[{"href":"https:\/\/pageup-solutions.com\/sitenoticiasvc1\/wp-json\/wp\/v2\/posts"}],"about":[{"href":"https:\/\/pageup-solutions.com\/sitenoticiasvc1\/wp-json\/wp\/v2\/types\/post"}],"author":[{"embeddable":true,"href":"https:\/\/pageup-solutions.com\/sitenoticiasvc1\/wp-json\/wp\/v2\/users\/1"}],"replies":[{"embeddable":true,"href":"https:\/\/pageup-solutions.com\/sitenoticiasvc1\/wp-json\/wp\/v2\/comments?post=31239"}],"version-history":[{"count":0,"href":"https:\/\/pageup-solutions.com\/sitenoticiasvc1\/wp-json\/wp\/v2\/posts\/31239\/revisions"}],"wp:featuredmedia":[{"embeddable":true,"href":"https:\/\/pageup-solutions.com\/sitenoticiasvc1\/wp-json\/wp\/v2\/media\/31240"}],"wp:attachment":[{"href":"https:\/\/pageup-solutions.com\/sitenoticiasvc1\/wp-json\/wp\/v2\/media?parent=31239"}],"wp:term":[{"taxonomy":"category","embeddable":true,"href":"https:\/\/pageup-solutions.com\/sitenoticiasvc1\/wp-json\/wp\/v2\/categories?post=31239"},{"taxonomy":"post_tag","embeddable":true,"href":"https:\/\/pageup-solutions.com\/sitenoticiasvc1\/wp-json\/wp\/v2\/tags?post=31239"}],"curies":[{"name":"wp","href":"https:\/\/api.w.org\/{rel}","templated":true}]}}