{"id":31244,"date":"2022-02-04T08:16:36","date_gmt":"2022-02-04T11:16:36","guid":{"rendered":"https:\/\/pageup-solutions.com\/sitenoticiasv14\/governadores-discutem-fundo-para-estabilizar-preco-de-combustiveis\/"},"modified":"2022-02-04T08:16:36","modified_gmt":"2022-02-04T11:16:36","slug":"governadores-discutem-fundo-para-estabilizar-preco-de-combustiveis","status":"publish","type":"post","link":"https:\/\/pageup-solutions.com\/sitenoticiasvc1\/governadores-discutem-fundo-para-estabilizar-preco-de-combustiveis\/","title":{"rendered":"Governadores discutem fundo para estabilizar pre\u00e7o de combust\u00edveis"},"content":{"rendered":"<div>\n<p>A cria\u00e7\u00e3o de um fundo que permita a estabiliza\u00e7\u00e3o do pre\u00e7o dos combust\u00edveis ao consumidor foi o principal tema debatido por governadores de todo o pa\u00eds na edi\u00e7\u00e3o virtual do F\u00f3rum de Governadores, nesta quinta-feira (3). A\u00e7\u00f5es conjuntas de combate \u00e0 covid-19 e a dificuldade de alguns estados no cumprimento do novo piso salarial nacional dos profissionais da rede p\u00fablica da educa\u00e7\u00e3o b\u00e1sica tamb\u00e9m foram tratadas na reuni\u00e3o.<img decoding=\"async\" src=\"https:\/\/pageup-solutions.com\/sitenoticiasvc1\/wp-content\/uploads\/ebc.png61fd0b15cbad2.png?id=1440325&#038;o=node\"><\/img><img decoding=\"async\" src=\"https:\/\/pageup-solutions.com\/sitenoticiasvc1\/wp-content\/uploads\/ebc.gif61fd0b161fa0d.png?id=1440325&#038;o=node\"><\/img><\/p>\n<p>Na avalia\u00e7\u00e3o do coordenador do f\u00f3rum, governador do Piau\u00ed, Wellington Dias, \u00e9 necess\u00e1rio criar um fundo que n\u00e3o prejudique a receita dos estados, munic\u00edpios e da Uni\u00e3o.\u00a0<\/p>\n<p>Defendida pelos governadores, a vers\u00e3o atualizada do <a href=\"https:\/\/legis.senado.leg.br\/sdleg-getter\/documento?dm=8953339&#038;ts=1641441953143&#038;disposition=inline\" target=\"_blank\" rel=\"noopener\">Projeto de Lei n\u00ba 1472\/2021<\/a> estabelece diretrizes de pre\u00e7os para combust\u00edveis, cria o Fundo de Estabiliza\u00e7\u00e3o dos Pre\u00e7os de Combust\u00edveis e institui o imposto de exporta\u00e7\u00e3o sobre o petr\u00f3leo bruto.<\/p>\n<p>\u201cO fundo ataca a raiz do problema [alta dos combust\u00edveis] porque ele passa a tributar, de um lado, a exporta\u00e7\u00e3o do petr\u00f3leo, e do outro, a lucratividade gerada pela din\u00e2mica de pre\u00e7os dos combust\u00edveis. \u00c9 com esses recursos, fruto das receitas extras da Petrobras sendo destinados ao fundo, que podemos fazer a equaliza\u00e7\u00e3o dos pre\u00e7os para o consumidor\u201d, defendeu Dias.<\/p>\n<h2>Piso<\/h2>\n<p>Outro assunto debatido entre os governadores foi a dificuldade de parte dos estados de cumprir o pagamento do <a href=\"https:\/\/agenciabrasil.ebc.com.br\/politica\/noticia\/2022-01\/professores-da-educacao-basica-terao-reajuste-no-piso-salarial\" target=\"_blank\" rel=\"noopener\">reajuste salarial de 33,24% aos profissionais da rede p\u00fablica da educa\u00e7\u00e3o b\u00e1sica<\/a>. Na avalia\u00e7\u00e3o de parte dos governadores, o piso cria problemas para os estados por conta dos planos de carreira j\u00e1 estruturados, inclusive para os entes federativos que n\u00e3o disp\u00f5em de um plano.<\/p>\n<p>O piso \u00e9 calculado a partir do valor por aluno definido pelo Fundo de Manuten\u00e7\u00e3o e Desenvolvimento da Educa\u00e7\u00e3o B\u00e1sica (Fundeb). A lei determina que se aplique as varia\u00e7\u00f5es da infla\u00e7\u00e3o e do Imposto sobre Circula\u00e7\u00e3o de Mercadorias e Servi\u00e7os (ICMS), recolhido pelos estados. Em 2022, o valor ser\u00e1 corrigido e o piso da categoria ser\u00e1 de R$ 3.845,63. Mais de 1,7 milh\u00e3o de professores de estados e munic\u00edpios, que lecionam para mais de 38 milh\u00f5es de estudantes nas escolas p\u00fablicas, ser\u00e3o beneficiados.<\/p>\n<h2>Pandemia<\/h2>\n<p>A situa\u00e7\u00e3o atual da pandemia tamb\u00e9m foi discutida entre os governadores. Eles estudam um alinhamento entre os estados para fazer o controle da entrada e sa\u00edda de pessoas via portos e aeroportos. O acordo ser\u00e1 discutido pelas secretarias de Sa\u00fade de cada estado e levado ao governo federal.<\/p>\n<p>\u201cRecomendamos que as 27 unidades da federa\u00e7\u00e3o fa\u00e7am o controle da entrada de pessoas de outros pa\u00edses, via aeroportos e portos, no sentido de adotar a exig\u00eancia de exame para detec\u00e7\u00e3o de covid-19 72 horas antes do embarque e, na chegada da viagem, se a pessoa apresentar sintoma, que seja feita a quarentena. Pedimos tamb\u00e9m que seja comprovado o ciclo vacinal de quem venha do exterior\u201d, disse Wellington Dias.<\/p>\n<\/p><\/div>\n","protected":false},"excerpt":{"rendered":"<p>A cria\u00e7\u00e3o de um fundo que permita a estabiliza\u00e7\u00e3o do pre\u00e7o dos combust\u00edveis ao consumidor foi o principal tema debatido [&hellip;]<\/p>\n","protected":false},"author":1,"featured_media":31245,"comment_status":"closed","ping_status":"closed","sticky":false,"template":"","format":"standard","meta":{"footnotes":""},"categories":[354],"tags":[379,402,432,434,440,474],"class_list":["post-31244","post","type-post","status-publish","format-standard","has-post-thumbnail","hentry","category-politica","tag-combustiveis","tag-forum-de-governadores","tag-piso-salarial","tag-politica","tag-professores","tag-wellington-dias"],"_links":{"self":[{"href":"https:\/\/pageup-solutions.com\/sitenoticiasvc1\/wp-json\/wp\/v2\/posts\/31244","targetHints":{"allow":["GET"]}}],"collection":[{"href":"https:\/\/pageup-solutions.com\/sitenoticiasvc1\/wp-json\/wp\/v2\/posts"}],"about":[{"href":"https:\/\/pageup-solutions.com\/sitenoticiasvc1\/wp-json\/wp\/v2\/types\/post"}],"author":[{"embeddable":true,"href":"https:\/\/pageup-solutions.com\/sitenoticiasvc1\/wp-json\/wp\/v2\/users\/1"}],"replies":[{"embeddable":true,"href":"https:\/\/pageup-solutions.com\/sitenoticiasvc1\/wp-json\/wp\/v2\/comments?post=31244"}],"version-history":[{"count":0,"href":"https:\/\/pageup-solutions.com\/sitenoticiasvc1\/wp-json\/wp\/v2\/posts\/31244\/revisions"}],"wp:featuredmedia":[{"embeddable":true,"href":"https:\/\/pageup-solutions.com\/sitenoticiasvc1\/wp-json\/wp\/v2\/media\/31245"}],"wp:attachment":[{"href":"https:\/\/pageup-solutions.com\/sitenoticiasvc1\/wp-json\/wp\/v2\/media?parent=31244"}],"wp:term":[{"taxonomy":"category","embeddable":true,"href":"https:\/\/pageup-solutions.com\/sitenoticiasvc1\/wp-json\/wp\/v2\/categories?post=31244"},{"taxonomy":"post_tag","embeddable":true,"href":"https:\/\/pageup-solutions.com\/sitenoticiasvc1\/wp-json\/wp\/v2\/tags?post=31244"}],"curies":[{"name":"wp","href":"https:\/\/api.w.org\/{rel}","templated":true}]}}