{"id":31248,"date":"2022-02-04T08:16:35","date_gmt":"2022-02-04T11:16:35","guid":{"rendered":"https:\/\/pageup-solutions.com\/sitenoticiasv14\/antonio-anastasia-toma-posse-como-ministro-do-tcu\/"},"modified":"2022-02-04T08:16:35","modified_gmt":"2022-02-04T11:16:35","slug":"antonio-anastasia-toma-posse-como-ministro-do-tcu","status":"publish","type":"post","link":"https:\/\/pageup-solutions.com\/sitenoticiasvc1\/antonio-anastasia-toma-posse-como-ministro-do-tcu\/","title":{"rendered":"Antonio Anastasia toma posse como ministro do TCU"},"content":{"rendered":"<div>\n<p>O ex-senador Antonio Anastasia tomou posse hoje (3) como ministro do Tribunal de Contas da Uni\u00e3o (TCU). Anastasia assume a vaga aberta com a sa\u00edda do ministro Raimundo Carreiro, que deixou a corte na semana passada, para chefiar a Embaixada do Brasil em Portugal.<img decoding=\"async\" src=\"https:\/\/pageup-solutions.com\/sitenoticiasvc1\/wp-content\/uploads\/ebc.png61fd0b1b76a19.png?id=1440212&#038;o=node\"><\/img><img decoding=\"async\" src=\"https:\/\/pageup-solutions.com\/sitenoticiasvc1\/wp-content\/uploads\/ebc.gif61fd0b1ba5d04.png?id=1440212&#038;o=node\"><\/img><\/p>\n<p>Ontem (2), Anastasia renunciou ao mandato no Senado para ocupar o cargo de ministro no TCU. Ainda na ter\u00e7a-feira, o suplente de Anastasia, Alexandre Silveira (PSD-MG), tomou posse no Senado.<\/p>\n<p>Anastasia disputou a indica\u00e7\u00e3o do Senado para o TCU com os senadores K\u00e1tia Abreu (PP-TO) e Fernando Bezerra Coelho (MDB-PE). Ele venceu a disputa, realizada em dezembro do ano passado, por 52 votos.<\/p>\n<p>Ex-governador de Minas Gerais, Antonio Anastasia \u00e9 advogado. Ele nasceu em Belo Horizonte em 9 de maio de 1961 e poder\u00e1 ficar no Tribunal de Contas at\u00e9 2036, quando completar\u00e1 75 anos e ter\u00e1 que se aposentar compulsoriamente.<\/p>\n<p>Na cerim\u00f4nia de posse no TCU, Anastasia disse que considera sua maior realiza\u00e7\u00e3o no Senado a edi\u00e7\u00e3o da Lei 13.655\/2018, conhecida como Lei de Seguran\u00e7a Jur\u00eddica. A legisla\u00e7\u00e3o traz novos artigos \u00e0 Lei de Introdu\u00e7\u00e3o \u00e0s normas do Direito Brasileiro. Apresentado por Anastasia em 2015, o projeto trata sobre seguran\u00e7a jur\u00eddica e efici\u00eancia na cria\u00e7\u00e3o e na aplica\u00e7\u00e3o do direito p\u00fablico.<\/p>\n<p>\u201c[A lei] estimula que tenhamos cada vez mais um ambiente de prosperidade, um ambiente econ\u00f4mico necess\u00e1rio para que, n\u00e3o s\u00f3 o mundo empresarial, mas tamb\u00e9m o cidad\u00e3o comum, possa investir, realizar suas a\u00e7\u00f5es, e [para] que o gestor p\u00fablico n\u00e3o tenha o receio, o temor do famoso apag\u00e3o de canetas e possa decidir com tranquilidade\u201d, afirmou, em discurso.<\/p>\n<\/p><\/div>\n","protected":false},"excerpt":{"rendered":"<p>O ex-senador Antonio Anastasia tomou posse hoje (3) como ministro do Tribunal de Contas da Uni\u00e3o (TCU). Anastasia assume a [&hellip;]<\/p>\n","protected":false},"author":1,"featured_media":31249,"comment_status":"closed","ping_status":"closed","sticky":false,"template":"","format":"standard","meta":{"footnotes":""},"categories":[354],"tags":[368,434,435,460,467],"class_list":["post-31248","post","type-post","status-publish","format-standard","has-post-thumbnail","hentry","category-politica","tag-antonio-anastasia","tag-politica","tag-posse","tag-senado","tag-tcu"],"_links":{"self":[{"href":"https:\/\/pageup-solutions.com\/sitenoticiasvc1\/wp-json\/wp\/v2\/posts\/31248","targetHints":{"allow":["GET"]}}],"collection":[{"href":"https:\/\/pageup-solutions.com\/sitenoticiasvc1\/wp-json\/wp\/v2\/posts"}],"about":[{"href":"https:\/\/pageup-solutions.com\/sitenoticiasvc1\/wp-json\/wp\/v2\/types\/post"}],"author":[{"embeddable":true,"href":"https:\/\/pageup-solutions.com\/sitenoticiasvc1\/wp-json\/wp\/v2\/users\/1"}],"replies":[{"embeddable":true,"href":"https:\/\/pageup-solutions.com\/sitenoticiasvc1\/wp-json\/wp\/v2\/comments?post=31248"}],"version-history":[{"count":0,"href":"https:\/\/pageup-solutions.com\/sitenoticiasvc1\/wp-json\/wp\/v2\/posts\/31248\/revisions"}],"wp:featuredmedia":[{"embeddable":true,"href":"https:\/\/pageup-solutions.com\/sitenoticiasvc1\/wp-json\/wp\/v2\/media\/31249"}],"wp:attachment":[{"href":"https:\/\/pageup-solutions.com\/sitenoticiasvc1\/wp-json\/wp\/v2\/media?parent=31248"}],"wp:term":[{"taxonomy":"category","embeddable":true,"href":"https:\/\/pageup-solutions.com\/sitenoticiasvc1\/wp-json\/wp\/v2\/categories?post=31248"},{"taxonomy":"post_tag","embeddable":true,"href":"https:\/\/pageup-solutions.com\/sitenoticiasvc1\/wp-json\/wp\/v2\/tags?post=31248"}],"curies":[{"name":"wp","href":"https:\/\/api.w.org\/{rel}","templated":true}]}}