{"id":31252,"date":"2022-02-04T08:16:50","date_gmt":"2022-02-04T11:16:50","guid":{"rendered":"https:\/\/pageup-solutions.com\/sitenoticiasv14\/emprestimo-a-distribuidoras-de-energia-sera-de-ate-r-108-bilhoes\/"},"modified":"2022-02-04T08:16:50","modified_gmt":"2022-02-04T11:16:50","slug":"emprestimo-a-distribuidoras-de-energia-sera-de-ate-r-108-bilhoes","status":"publish","type":"post","link":"https:\/\/pageup-solutions.com\/sitenoticiasvc1\/emprestimo-a-distribuidoras-de-energia-sera-de-ate-r-108-bilhoes\/","title":{"rendered":"Empr\u00e9stimo a distribuidoras de energia ser\u00e1 de at\u00e9 R$ 10,8 bilh\u00f5es"},"content":{"rendered":"<p>O novo empr\u00e9stimo \u00e0s distribuidoras de energia el\u00e9trica para cobrir os custos da crise h\u00eddrica dever\u00e1 chegar a at\u00e9 R$ 10,8 bilh\u00f5es, divulgou hoje (3) a \u00e1rea t\u00e9cnica da Ag\u00eancia Nacional de Energia El\u00e9trica (Aneel). A proposta foi apresentada em reuni\u00e3o extraordin\u00e1ria do \u00f3rg\u00e3o pelo diretor Efrain Pereira da Cruz, relator do tema, e depende de aprova\u00e7\u00e3o dos demais diretores.<img decoding=\"async\" src=\"https:\/\/pageup-solutions.com\/sitenoticiasvc1\/wp-content\/uploads\/ebc.png61fd0b2510df4.png?id=1440333&#038;o=rss\" style=\"width:1px;height:1px\" \/><img decoding=\"async\" src=\"https:\/\/pageup-solutions.com\/sitenoticiasvc1\/wp-content\/uploads\/ebc.gif61fd0b253d4b3.png?id=1440333&#038;o=rss\" style=\"width:1px;height:1px\" \/><\/p>\n<p>A opera\u00e7\u00e3o de cr\u00e9dito, que pretende reduzir a alta da conta de luz em 2022, ser\u00e1 dividida em duas parcelas. A primeira parte do empr\u00e9stimo totaliza R$ 5,6 bilh\u00f5es e ser\u00e1 submetida \u00e0 consulta p\u00fablica at\u00e9 o pr\u00f3ximo dia 13.<\/p>\n<p>Essa parcela pretende cobrir o d\u00e9ficit na conta de bandeiras tarif\u00e1rias em abril de 2022, ap\u00f3s o fim da cobran\u00e7a da bandeira de escassez h\u00eddrica. O dinheiro tamb\u00e9m cobrir\u00e1 as importa\u00e7\u00f5es de energia de julho e agosto do ano passado e o b\u00f4nus concedido para os consumidores que economizaram energia.<\/p>\n<p>A segunda parte do empr\u00e9stimo ter\u00e1 o valor fechado em maio, mas a Aneel estimou em R$ 5,2 bilh\u00f5es, at\u00e9 o momento. A \u00faltima parcela pretende cobrir parcialmente os custos de usinas termel\u00e9tricas contratadas em dezembro do ano passado, por meio de leil\u00e3o simplificado.<\/p>\n<p>Segundo a \u00e1rea t\u00e9cnica da Aneel, sem nenhuma medida de mitiga\u00e7\u00e3o, a conta de energia subiria 21% em 2022. A opera\u00e7\u00e3o tem como objetivo evitar que os custos da crise energ\u00e9tica de 2021 sejam totalmente repassados aos consumidores neste ano. Com o empr\u00e9stimo, as distribuidoras assumir\u00e3o esses custos extras, reembolsando os bancos nos pr\u00f3ximos anos.<\/p>\n<p>Apesar de evitar uma alta maior da energia em 2022, a opera\u00e7\u00e3o de cr\u00e9dito, segundo a proposta apresentada hoje, ser\u00e1 paga pelos consumidores a partir de 2023. O dinheiro ser\u00e1 cobrado na forma de um novo encargo na conta de luz at\u00e9 as distribuidoras quitarem o financiamento. Caber\u00e1 aos bancos e a C\u00e2mara Comercializadora de Energia El\u00e9trica (CCEE) definir o prazo do empr\u00e9stimo.<\/p>\n<p>De acordo com o governo, o financiamento ser\u00e1 destinado \u00e0s distribuidoras, que arrecadam os valores dos consumidores por meio da conta de luz e pagar\u00e3o as companhias geradoras e transmissoras de energia que tamb\u00e9m arcam com o custo mais alto da energia el\u00e9trica durante a crise h\u00eddrica nos reservat\u00f3rios.<\/p>\n<h2>Medida provis\u00f3ria<\/h2>\n<p>O empr\u00e9stimo \u00e0s distribuidoras foi autorizado pela <a href=\"https:\/\/www.in.gov.br\/en\/web\/dou\/-\/medida-provisoria-n-1.078-de-13-de-dezembro-de-2021-366817122\" target=\"_blank\" rel=\"noopener\">Medida Provis\u00f3ria 1.078<\/a>, publicada em dezembro. O financiamento pretende amortizar o impacto financeiro da seca no caixa das empresas do setor el\u00e9trico.<\/p>\n<p>No dia 14 de janeiro, um decreto assinado pelo presidente Jair Bolsonaro criou a <a href=\"https:\/\/agenciabrasil.ebc.com.br\/economia\/noticia\/2022-01\/governo-amortiza-impacto-financeiro-da-seca-no-setor-eletrico\" target=\"_blank\" rel=\"noopener\">Conta Escassez H\u00eddrica<\/a>. Administrada pela CCEE, essa conta receber\u00e1 os recursos necess\u00e1rios para cobrir \u201ctotal ou parcialmente os custos adicionais decorrentes da situa\u00e7\u00e3o de escassez h\u00eddrica para as concession\u00e1rias e permission\u00e1rias de servi\u00e7o p\u00fablico de distribui\u00e7\u00e3o de energia el\u00e9trica\u201d.<\/p>\n<p><em>* Colaborou Pedro Peduzzi<\/em><\/p>\n","protected":false},"excerpt":{"rendered":"<p>O novo empr\u00e9stimo \u00e0s distribuidoras de energia el\u00e9trica para cobrir os custos da crise h\u00eddrica dever\u00e1 chegar a at\u00e9 R$ [&hellip;]<\/p>\n","protected":false},"author":1,"featured_media":31253,"comment_status":"open","ping_status":"open","sticky":false,"template":"","format":"standard","meta":{"footnotes":""},"categories":[344],"tags":[],"class_list":["post-31252","post","type-post","status-publish","format-standard","has-post-thumbnail","hentry","category-economia"],"_links":{"self":[{"href":"https:\/\/pageup-solutions.com\/sitenoticiasvc1\/wp-json\/wp\/v2\/posts\/31252","targetHints":{"allow":["GET"]}}],"collection":[{"href":"https:\/\/pageup-solutions.com\/sitenoticiasvc1\/wp-json\/wp\/v2\/posts"}],"about":[{"href":"https:\/\/pageup-solutions.com\/sitenoticiasvc1\/wp-json\/wp\/v2\/types\/post"}],"author":[{"embeddable":true,"href":"https:\/\/pageup-solutions.com\/sitenoticiasvc1\/wp-json\/wp\/v2\/users\/1"}],"replies":[{"embeddable":true,"href":"https:\/\/pageup-solutions.com\/sitenoticiasvc1\/wp-json\/wp\/v2\/comments?post=31252"}],"version-history":[{"count":0,"href":"https:\/\/pageup-solutions.com\/sitenoticiasvc1\/wp-json\/wp\/v2\/posts\/31252\/revisions"}],"wp:featuredmedia":[{"embeddable":true,"href":"https:\/\/pageup-solutions.com\/sitenoticiasvc1\/wp-json\/wp\/v2\/media\/31253"}],"wp:attachment":[{"href":"https:\/\/pageup-solutions.com\/sitenoticiasvc1\/wp-json\/wp\/v2\/media?parent=31252"}],"wp:term":[{"taxonomy":"category","embeddable":true,"href":"https:\/\/pageup-solutions.com\/sitenoticiasvc1\/wp-json\/wp\/v2\/categories?post=31252"},{"taxonomy":"post_tag","embeddable":true,"href":"https:\/\/pageup-solutions.com\/sitenoticiasvc1\/wp-json\/wp\/v2\/tags?post=31252"}],"curies":[{"name":"wp","href":"https:\/\/api.w.org\/{rel}","templated":true}]}}