{"id":31260,"date":"2022-02-04T08:16:48","date_gmt":"2022-02-04T11:16:48","guid":{"rendered":"https:\/\/pageup-solutions.com\/sitenoticiasv14\/dolar-sobe-com-mercado-externo-mas-continua-abaixo-de-r-530\/"},"modified":"2022-02-04T08:16:48","modified_gmt":"2022-02-04T11:16:48","slug":"dolar-sobe-com-mercado-externo-mas-continua-abaixo-de-r-530","status":"publish","type":"post","link":"https:\/\/pageup-solutions.com\/sitenoticiasvc1\/dolar-sobe-com-mercado-externo-mas-continua-abaixo-de-r-530\/","title":{"rendered":"D\u00f3lar sobe com mercado externo, mas continua abaixo de R$ 5,30"},"content":{"rendered":"<p>Em um dia de ajustes no mercado externo, o d\u00f3lar foi pressionado, mas continuou abaixo de R$ 5,30. A bolsa de valores alternou altas e baixas ao longo do dia, mas fechou com pequena queda.<img decoding=\"async\" src=\"https:\/\/pageup-solutions.com\/sitenoticiasvc1\/wp-content\/uploads\/ebc.png61fd0b310bd53.png?id=1440304&#038;o=rss\" style=\"width:1px;height:1px\" \/><img decoding=\"async\" src=\"https:\/\/pageup-solutions.com\/sitenoticiasvc1\/wp-content\/uploads\/ebc.gif61fd0b3158acf.png?id=1440304&#038;o=rss\" style=\"width:1px;height:1px\" \/><\/p>\n<p>O d\u00f3lar comercial encerrou esta quinta-feira (3) vendido a R$ 5,295, com leve alta de 0,36%. A cota\u00e7\u00e3o chegou a cair para R$ 5,27 na m\u00ednima do dia, por volta das 13h, mas voltou a subir durante a tarde.<\/p>\n<p>Apesar da alta de hoje, a moeda norte-americana acumula queda de 1,76% na semana. Em 2022, o recuo chega a 5,03%.<\/p>\n<h2>Bolsa<\/h2>\n<p>O dia tamb\u00e9m foi marcado pela volatilidade no mercado de a\u00e7\u00f5es. O \u00edndice Ibovespa, da B3, fechou o dia aos 111.696 pontos, com queda de 0,18%. Esse foi o segundo dia de recuo no indicador, que acumula baixa de 0,19% na semana.<\/p>\n<h2>Mercado externo<\/h2>\n<p>O d\u00f3lar teve um dia de alta no mercado externo ap\u00f3s ter atingido valores m\u00ednimos em quatro meses na compara\u00e7\u00e3o com moedas de pa\u00edses emergentes. O euro comercial voltou a superar R$ 6 ap\u00f3s coment\u00e1rios da presidente do Banco Central Europeu, Christine Lagarde, que indicam que o \u00f3rg\u00e3o pode come\u00e7ar a elevar os juros b\u00e1sicos na zona do euro neste ano. A decis\u00e3o do Banco Central do Reino Unido de elevar os juros para 0,5% ao ano tamb\u00e9m valorizou a libra no mercado externo.<\/p>\n<p>No Brasil, a confirma\u00e7\u00e3o de que o Comit\u00ea de Pol\u00edtica Monet\u00e1ria (Copom) do Banco Central (BC) pretende diminuir o ritmo de alta da taxa Selic (juros b\u00e1sicos da economia) a partir da pr\u00f3xima reuni\u00e3o tamb\u00e9m pressionou o d\u00f3lar.\u00a0<\/p>\n<p>Nos \u00faltimos meses, a autoridade monet\u00e1ria elevou a Selic em 1,5 ponto percentual em cada reuni\u00e3o do Copom. Em comunicado emitido ap\u00f3s a reuni\u00e3o de ontem (2), o BC informou que as pr\u00f3ximas eleva\u00e7\u00f5es ser\u00e3o menores. Juros mais altos em pa\u00edses emergentes tornam essas economias mais atrativas para o capital externo.<\/p>\n<p>A queda de 26% das a\u00e7\u00f5es da Meta, empresa dona do Facebook, do Instagram e do Whatsapp, pressionou as bolsas de valores em todo o planeta. Pela primeira vez na hist\u00f3ria, o Facebook perdeu usu\u00e1rios ativos di\u00e1rios, cujo total caiu em 500 mil no quarto trimestre de 2021. A companhia tamb\u00e9m divulgou queda nos lucros no mesmo per\u00edodo.<\/p>\n<p><em>* Com informa\u00e7\u00f5es da Reuters<\/em><\/p>\n","protected":false},"excerpt":{"rendered":"<p>Em um dia de ajustes no mercado externo, o d\u00f3lar foi pressionado, mas continuou abaixo de R$ 5,30. A bolsa [&hellip;]<\/p>\n","protected":false},"author":1,"featured_media":31261,"comment_status":"open","ping_status":"open","sticky":false,"template":"","format":"standard","meta":{"footnotes":""},"categories":[344],"tags":[],"class_list":["post-31260","post","type-post","status-publish","format-standard","has-post-thumbnail","hentry","category-economia"],"_links":{"self":[{"href":"https:\/\/pageup-solutions.com\/sitenoticiasvc1\/wp-json\/wp\/v2\/posts\/31260","targetHints":{"allow":["GET"]}}],"collection":[{"href":"https:\/\/pageup-solutions.com\/sitenoticiasvc1\/wp-json\/wp\/v2\/posts"}],"about":[{"href":"https:\/\/pageup-solutions.com\/sitenoticiasvc1\/wp-json\/wp\/v2\/types\/post"}],"author":[{"embeddable":true,"href":"https:\/\/pageup-solutions.com\/sitenoticiasvc1\/wp-json\/wp\/v2\/users\/1"}],"replies":[{"embeddable":true,"href":"https:\/\/pageup-solutions.com\/sitenoticiasvc1\/wp-json\/wp\/v2\/comments?post=31260"}],"version-history":[{"count":0,"href":"https:\/\/pageup-solutions.com\/sitenoticiasvc1\/wp-json\/wp\/v2\/posts\/31260\/revisions"}],"wp:featuredmedia":[{"embeddable":true,"href":"https:\/\/pageup-solutions.com\/sitenoticiasvc1\/wp-json\/wp\/v2\/media\/31261"}],"wp:attachment":[{"href":"https:\/\/pageup-solutions.com\/sitenoticiasvc1\/wp-json\/wp\/v2\/media?parent=31260"}],"wp:term":[{"taxonomy":"category","embeddable":true,"href":"https:\/\/pageup-solutions.com\/sitenoticiasvc1\/wp-json\/wp\/v2\/categories?post=31260"},{"taxonomy":"post_tag","embeddable":true,"href":"https:\/\/pageup-solutions.com\/sitenoticiasvc1\/wp-json\/wp\/v2\/tags?post=31260"}],"curies":[{"name":"wp","href":"https:\/\/api.w.org\/{rel}","templated":true}]}}