{"id":31273,"date":"2022-04-05T10:17:41","date_gmt":"2022-04-05T13:17:41","guid":{"rendered":"https:\/\/pageup-solutions.com\/sitenoticiasv14\/senado-comeca-agenda-intensa-em-semana-de-esforco-concentrado\/"},"modified":"2022-04-05T10:17:41","modified_gmt":"2022-04-05T13:17:41","slug":"senado-comeca-agenda-intensa-em-semana-de-esforco-concentrado","status":"publish","type":"post","link":"https:\/\/pageup-solutions.com\/sitenoticiasvc1\/senado-comeca-agenda-intensa-em-semana-de-esforco-concentrado\/","title":{"rendered":"Senado come\u00e7a\u00a0agenda intensa em semana de esfor\u00e7o concentrado"},"content":{"rendered":"<div>\n<p>Come\u00e7a nesta\u00a0ter\u00e7a-feira (5) a primeira semana de esfor\u00e7o concentrado do Senado neste ano. Desta vez, os senadores v\u00e3o se debru\u00e7ar, especialmente, na aprecia\u00e7\u00e3o de nomes de autoridades para diversos \u00f3rg\u00e3os. Ser\u00e3o 19 sabatinas distribu\u00eddas pelas comiss\u00f5es de Rela\u00e7\u00f5es Exteriores (CRE), Infraestrutura (CI), Assuntos Econ\u00f4micos (CAE) e Constitui\u00e7\u00e3o e Justi\u00e7a (CCJ).<img decoding=\"async\" src=\"https:\/\/pageup-solutions.com\/sitenoticiasvc1\/wp-content\/uploads\/ebc-4.png?id=1452398&#038;o=node\"><\/img><img decoding=\"async\" src=\"https:\/\/pageup-solutions.com\/sitenoticiasvc1\/wp-content\/uploads\/ebc-5.png?id=1452398&#038;o=node\"><\/img><\/p>\n<h2>CCJ<\/h2>\n<p>Na CCJ, est\u00e3o previstas sabatinas de tr\u00eas indicados para compor o Conselho Nacional de Justi\u00e7a (CNJ) e um indicado para ocupar o cargo de ministro do Tribunal Superior do Trabalho (TST). A reuni\u00e3o ser\u00e1 \u00e0s 10h.<\/p>\n<p>Parte dos senadores defende que o colegiado avance tamb\u00e9m na vota\u00e7\u00e3o da Proposta de Emenda \u00e0 Constitui\u00e7\u00e3o (PEC)\u00a0110\/2019, que trata da reforma tribut\u00e1ria, mas as chances s\u00e3o pequenas. Os defensores da medida querem aproveitar o comparecimento presencial de maior parte dos senadores, exigido na vota\u00e7\u00e3o de autoridades, para discuss\u00e3o e delibera\u00e7\u00e3o da PEC e, na sequ\u00eancia, no plen\u00e1rio da Casa.<\/p>\n<h2>Rela\u00e7\u00f5es Exteriores<\/h2>\n<p>Na CRE, ser\u00e3o 11 diplomatas sabatinados na\u00a0quinta-feira (7). Eles foram indicados pelo presidente Jair Bolsonaro para chefiar embaixadas brasileiras no exterior. A guerra na Ucr\u00e2nia tamb\u00e9m est\u00e1 no radar dos senadores. Um dos sabatinados da semana ser\u00e1 o diplomata Bernard Klingl. Ele foi indicado para a embaixada em Minsk, capital da Bielorr\u00fassia , pa\u00eds aliado da R\u00fassia no conflito com o pa\u00eds vizinho.<\/p>\n<p>Os reflexos da guerra entre R\u00fassia e Ucr\u00e2nia tamb\u00e9m ser\u00e3o tema de audi\u00eancias p\u00fablicas na comiss\u00e3o.\u00a0Hoje\u00a0o embaixador da R\u00fassia no Brasil, Alexey Kazimirovitch Labetskiy ser\u00e1 ouvido. Na\u00a0quarta-feira (6), est\u00e3o marcadas audi\u00eancias com o encarregado de neg\u00f3cios da Embaixada da Ucr\u00e2nia no Brasil, Anatoliy Tkach. Outra autoridade convidada pelo colegiado \u00e9 o ministro das Rela\u00e7\u00f5es Exteriores do Brasil, Carlos Alberto Fran\u00e7a.<\/p>\n<h2>Assuntos Econ\u00f4micos<\/h2>\n<p>A indica\u00e7\u00e3o pelo governo de dois nomes &#8211; os dos economistas Renato Dias de Brito Gomes e Diogo Abry Guillen &#8211; para a diretoria do Banco Central tamb\u00e9m est\u00e1 na pauta da CAE\u00a0nesta\u00a0ter\u00e7a-feira. A comiss\u00e3o vai sabatinar Alexandre Barreto de Souza, indicado ao cargo de superintendente-geral do Conselho Administrativo de Defesa Econ\u00f4mica (Cade).<\/p>\n<p>O cumprimento de dispositivos do Novo Marco Legal do Saneamento deve ser debatido pelo colegiado. A audi\u00eancia p\u00fablica, marcada para amanh\u00e3 (6), \u00e0s 9h, ser\u00e1 focada na presta\u00e7\u00e3o regionalizada de servi\u00e7os de saneamento.<\/p>\n<h2>Infraestrutura<\/h2>\n<p>O indicado ao cargo de presidente do Conselho Diretor da Ag\u00eancia Nacional de Telecomunica\u00e7\u00f5es (Anatel), Carlos Manuel Baigorri, ser\u00e1 sabatinado pela Comiss\u00e3o de Infraestrutura. A reuni\u00e3o est\u00e1 marcada para\u00a0hoje\u00a0(5), as 14h. Tamb\u00e9m\u00a0hoje, a CI pretende votar cinco projetos na pauta.<\/p>\n<h2>Outras\u00a0comiss\u00f5es<\/h2>\n<p>Na CAS, est\u00e1 marcada reuni\u00e3o deliberativa com 20 itens na pauta. Um deles \u00e9 o\u00a0PL 1.057\/2019, que estabelece o pagamento de seguro desemprego a pequenos produtores rurais e pescadores que tenham ficado sem condi\u00e7\u00f5es m\u00ednimas de trabalho ap\u00f3s serem atingidos por cat\u00e1strofes naturais ou desastres ambientais. A reuni\u00e3o est\u00e1 marcada para as 11h.\u00a0<\/p>\n<p>Na Comiss\u00e3o de Educa\u00e7\u00e3o (CE), a\u00a0ter\u00e7a-feira ser\u00e1 dedicada ao depoimento de nove prefeitos. Eles v\u00e3o esclarecer quest\u00f5es sobre o aparente beneficiamento indevido na destina\u00e7\u00e3o de verbas p\u00fablicas ao Minist\u00e9rio da Educa\u00e7\u00e3o. A sess\u00e3o deve ocorrer \u00e0s 9h.<\/p>\n<h2>Plen\u00e1rio<\/h2>\n<p>Al\u00e9m das indica\u00e7\u00f5es de autoridades votadas nas comiss\u00f5es da Casa, no plen\u00e1rio os senadores devem votar mat\u00e9rias como o\u00a0PLS\u00a0278\/2016, que garante apoio aos estudantes com defici\u00eancia. Outra proposta na pauta \u00e9 o\u00a0PL 634\/2022, que pro\u00edbe o juiz de conceder guarda compartilhada ao pai ou \u00e0 m\u00e3e investigados ou processados por crime contra a crian\u00e7a ou adolescente, ou por viol\u00eancia\u00a0dom\u00e9stica.<\/p>\n<p>Tamb\u00e9m haver\u00e1 sess\u00e3o de debates tem\u00e1ticos sobre o projeto de lei que tipifica mais condutas como atos terroristas (PLS 272\/2016), na\u00a0quinta-feira (7), a partir das 10h. O projeto, do senador Lasier Martins (Podemos-RS), chegou a ser inclu\u00eddo na pauta do plen\u00e1rio em fevereiro, mas teve vota\u00e7\u00e3o adiada a pedido do relator, senador Alessandro Vieira (PSDB-SE).<\/p>\n<h2>Homenagens<\/h2>\n<p>Entre as homenagens previstas para a semana, o destaque nesta\u00a0ter\u00e7a-feira \u00e9 para a sess\u00e3o solene do Congresso que vai promulgar a PEC 18\/2021, que inclui na Constitui\u00e7\u00e3o regras para candidaturas femininas. No Senado, haver\u00e1 sess\u00e3o especial para comemorar o Dia Internacional do Autismo na\u00a0sexta-feira (8), \u00e0s 10h.<\/p>\n<\/p><\/div>\n","protected":false},"excerpt":{"rendered":"<p>Come\u00e7a nesta\u00a0ter\u00e7a-feira (5) a primeira semana de esfor\u00e7o concentrado do Senado neste ano. Desta vez, os senadores v\u00e3o se debru\u00e7ar, [&hellip;]<\/p>\n","protected":false},"author":1,"featured_media":31274,"comment_status":"closed","ping_status":"closed","sticky":false,"template":"","format":"standard","meta":{"footnotes":""},"categories":[354],"tags":[362,398,434,460],"class_list":["post-31273","post","type-post","status-publish","format-standard","has-post-thumbnail","hentry","category-politica","tag-agenda","tag-esforco-concentrado","tag-politica","tag-senado"],"_links":{"self":[{"href":"https:\/\/pageup-solutions.com\/sitenoticiasvc1\/wp-json\/wp\/v2\/posts\/31273","targetHints":{"allow":["GET"]}}],"collection":[{"href":"https:\/\/pageup-solutions.com\/sitenoticiasvc1\/wp-json\/wp\/v2\/posts"}],"about":[{"href":"https:\/\/pageup-solutions.com\/sitenoticiasvc1\/wp-json\/wp\/v2\/types\/post"}],"author":[{"embeddable":true,"href":"https:\/\/pageup-solutions.com\/sitenoticiasvc1\/wp-json\/wp\/v2\/users\/1"}],"replies":[{"embeddable":true,"href":"https:\/\/pageup-solutions.com\/sitenoticiasvc1\/wp-json\/wp\/v2\/comments?post=31273"}],"version-history":[{"count":0,"href":"https:\/\/pageup-solutions.com\/sitenoticiasvc1\/wp-json\/wp\/v2\/posts\/31273\/revisions"}],"wp:featuredmedia":[{"embeddable":true,"href":"https:\/\/pageup-solutions.com\/sitenoticiasvc1\/wp-json\/wp\/v2\/media\/31274"}],"wp:attachment":[{"href":"https:\/\/pageup-solutions.com\/sitenoticiasvc1\/wp-json\/wp\/v2\/media?parent=31273"}],"wp:term":[{"taxonomy":"category","embeddable":true,"href":"https:\/\/pageup-solutions.com\/sitenoticiasvc1\/wp-json\/wp\/v2\/categories?post=31273"},{"taxonomy":"post_tag","embeddable":true,"href":"https:\/\/pageup-solutions.com\/sitenoticiasvc1\/wp-json\/wp\/v2\/tags?post=31273"}],"curies":[{"name":"wp","href":"https:\/\/api.w.org\/{rel}","templated":true}]}}