{"id":31277,"date":"2022-04-05T10:17:40","date_gmt":"2022-04-05T13:17:40","guid":{"rendered":"https:\/\/pageup-solutions.com\/sitenoticiasv14\/cpi-da-prevent-senior-na-camara-de-sp-pede-indiciamento-de-20-pessoas\/"},"modified":"2022-04-05T10:17:40","modified_gmt":"2022-04-05T13:17:40","slug":"cpi-da-prevent-senior-na-camara-de-sp-pede-indiciamento-de-20-pessoas","status":"publish","type":"post","link":"https:\/\/pageup-solutions.com\/sitenoticiasvc1\/cpi-da-prevent-senior-na-camara-de-sp-pede-indiciamento-de-20-pessoas\/","title":{"rendered":"CPI da Prevent Senior na C\u00e2mara de SP pede indiciamento de 20 pessoas"},"content":{"rendered":"<div>\n<p>A Comiss\u00e3o Parlamentar de Inqu\u00e9rito (CPI) da Prevent Senior, na C\u00e2mara Municipal de S\u00e3o Paulo, aprovou hoje (4) o relat\u00f3rio final que pede o indiciamento de 20 pessoas por crimes cometidos nos hospitais da operadora de sa\u00fade durante a pandemia do novo coronav\u00edrus. Ap\u00f3s essa aprova\u00e7\u00e3o pelos vereadores, o relat\u00f3rio ser\u00e1 encaminhado para o Minist\u00e9rio P\u00fablico.<img decoding=\"async\" src=\"https:\/\/pageup-solutions.com\/sitenoticiasvc1\/wp-content\/uploads\/ebc.png624c417be0de7.png?id=1452357&#038;o=node\"><\/img><img decoding=\"async\" src=\"https:\/\/pageup-solutions.com\/sitenoticiasvc1\/wp-content\/uploads\/ebc.gif624c417c4bbcb.png?id=1452357&#038;o=node\"><\/img><\/p>\n<p>Entre os indicados para indiciamento est\u00e3o os irm\u00e3os Fernando Parrillo e Eduardo Parrillo, s\u00f3cios-propriet\u00e1rios da Prevent Senior. Fernando foi acusado pelo crime de omiss\u00e3o de socorro: segundo a CPI, como propriet\u00e1rio da empresa, ele teria negado atendimento m\u00e9dico mais adequado ao paciente com covid-19.<\/p>\n<p>J\u00e1 em rela\u00e7\u00e3o a Eduardo h\u00e1 a mesma acusa\u00e7\u00e3o de omiss\u00e3o de socorro, al\u00e9m dos crimes de perigo para a vida ou sa\u00fade de outrem e crime contra a humanidade, pois ele teria promovido pesquisas em seres humanos sem aprova\u00e7\u00e3o e desrespeitando as normas legais.<\/p>\n<p>Al\u00e9m dos propriet\u00e1rios, os vereadores pediram indiciamento de diretores da empresa e m\u00e9dicos. O relat\u00f3rio, de 50 p\u00e1ginas, aponta 52 crimes relacionados \u00e0s a\u00e7\u00f5es da empresa durante a pandemia de covid-19. Os pedidos de indiciamentos est\u00e3o relacionados principalmente aos crimes de perigo para a vida ou sa\u00fade de outrem, omiss\u00e3o de socorro, crime contra a humanidade e falsidade ideol\u00f3gica.<\/p>\n<p>O relat\u00f3rio final da CPI ainda prop\u00f5e a\u00e7\u00f5es fiscalizat\u00f3rias e investigativas por parte da prefeitura, do Minist\u00e9rio P\u00fablico, da Comiss\u00e3o Nacional de \u00c9tica em Pesquisa (Conep), do Conselho Regional de Medicina do Estado de S\u00e3o Paulo (Cremesp) e da Ag\u00eancia Nacional de Sa\u00fade Suplementar (ANS) sobre a situa\u00e7\u00e3o fiscal, trabalhista e operacional da empresa.<\/p>\n<p>Em nota, a empresa contestou o relat\u00f3rio e as sugest\u00f5es de indiciamentos, mas reafirmou \u201cter total interesse em que investiga\u00e7\u00f5es t\u00e9cnicas, sem contornos pol\u00edticos, possam restabelecer a verdade dos fatos\u201d. A empresa disse ainda que continuar\u00e1 \u201ctrabalhando para prestar atendimento de excel\u00eancia aos mais de 550 mil benefici\u00e1rios&#8221;.<\/p>\n<h2>Hist\u00f3rico<\/h2>\n<p>A CPI da Prevent Senior foi criada em setembro de 2021 para apurar den\u00fancias de subnotifica\u00e7\u00e3o do n\u00famero de casos de contaminados e de \u00f3bitos por covid-19 por parte da operadora de sa\u00fade. Uma das suspeitas \u00e9 de que, para diminuir a quantidade de registros, a Prevent Senior teria agido para que pacientes com covid-19 n\u00e3o tivessem a doen\u00e7a anotada em seus prontu\u00e1rios.<\/p>\n<p>Nos casos de morte, a informa\u00e7\u00e3o tamb\u00e9m n\u00e3o constaria dos atestados de \u00f3bito. A CPI tamb\u00e9m apurou den\u00fancias de uso indiscriminado e experimental do kit covid, um conjunto de medicamentos sabidamente ineficazes contra a covid-19. A CPI investigou ainda a realiza\u00e7\u00e3o de pesquisas sem autoriza\u00e7\u00e3o dos pacientes ou dos \u00f3rg\u00e3os competentes.<\/p>\n<\/p><\/div>\n","protected":false},"excerpt":{"rendered":"<p>A Comiss\u00e3o Parlamentar de Inqu\u00e9rito (CPI) da Prevent Senior, na C\u00e2mara Municipal de S\u00e3o Paulo, aprovou hoje (4) o relat\u00f3rio [&hellip;]<\/p>\n","protected":false},"author":1,"featured_media":31278,"comment_status":"closed","ping_status":"closed","sticky":false,"template":"","format":"standard","meta":{"footnotes":""},"categories":[354],"tags":[374,384,407,434,450,456],"class_list":["post-31277","post","type-post","status-publish","format-standard","has-post-thumbnail","hentry","category-politica","tag-camara-municipal","tag-cpi-da-prevent-senior","tag-indiciamento","tag-politica","tag-relatorio-final","tag-sao-paulo"],"_links":{"self":[{"href":"https:\/\/pageup-solutions.com\/sitenoticiasvc1\/wp-json\/wp\/v2\/posts\/31277","targetHints":{"allow":["GET"]}}],"collection":[{"href":"https:\/\/pageup-solutions.com\/sitenoticiasvc1\/wp-json\/wp\/v2\/posts"}],"about":[{"href":"https:\/\/pageup-solutions.com\/sitenoticiasvc1\/wp-json\/wp\/v2\/types\/post"}],"author":[{"embeddable":true,"href":"https:\/\/pageup-solutions.com\/sitenoticiasvc1\/wp-json\/wp\/v2\/users\/1"}],"replies":[{"embeddable":true,"href":"https:\/\/pageup-solutions.com\/sitenoticiasvc1\/wp-json\/wp\/v2\/comments?post=31277"}],"version-history":[{"count":0,"href":"https:\/\/pageup-solutions.com\/sitenoticiasvc1\/wp-json\/wp\/v2\/posts\/31277\/revisions"}],"wp:featuredmedia":[{"embeddable":true,"href":"https:\/\/pageup-solutions.com\/sitenoticiasvc1\/wp-json\/wp\/v2\/media\/31278"}],"wp:attachment":[{"href":"https:\/\/pageup-solutions.com\/sitenoticiasvc1\/wp-json\/wp\/v2\/media?parent=31277"}],"wp:term":[{"taxonomy":"category","embeddable":true,"href":"https:\/\/pageup-solutions.com\/sitenoticiasvc1\/wp-json\/wp\/v2\/categories?post=31277"},{"taxonomy":"post_tag","embeddable":true,"href":"https:\/\/pageup-solutions.com\/sitenoticiasvc1\/wp-json\/wp\/v2\/tags?post=31277"}],"curies":[{"name":"wp","href":"https:\/\/api.w.org\/{rel}","templated":true}]}}