{"id":31297,"date":"2022-04-05T10:18:32","date_gmt":"2022-04-05T13:18:32","guid":{"rendered":"https:\/\/pageup-solutions.com\/sitenoticiasv14\/adriano-pires-desiste-de-indicacao-para-presidencia-da-petrobras\/"},"modified":"2022-04-05T10:18:32","modified_gmt":"2022-04-05T13:18:32","slug":"adriano-pires-desiste-de-indicacao-para-presidencia-da-petrobras","status":"publish","type":"post","link":"https:\/\/pageup-solutions.com\/sitenoticiasvc1\/adriano-pires-desiste-de-indicacao-para-presidencia-da-petrobras\/","title":{"rendered":"Adriano Pires desiste de indica\u00e7\u00e3o para presid\u00eancia da Petrobras"},"content":{"rendered":"<p>Indicado h\u00e1 uma semana para assumir o comando da Petrobras, o economista e consultor Adriano Pires comunicou hoje (4) \u00e0 noite a desist\u00eancia do cargo. Em carta encaminhada ao ministro de Minas e Energia, Bento Albuquerque, Pires agradeceu o convite, mas informou que a atua\u00e7\u00e3o profissional em consultorias o impede de assumir a fun\u00e7\u00e3o.<img decoding=\"async\" src=\"https:\/\/pageup-solutions.com\/sitenoticiasvc1\/wp-content\/uploads\/ebc.png624c41ae97c6c.png?id=1452369&#038;o=rss\" style=\"width:1px;height:1px\" \/><img decoding=\"async\" src=\"https:\/\/pageup-solutions.com\/sitenoticiasvc1\/wp-content\/uploads\/ebc.gif624c41af01826.png?id=1452369&#038;o=rss\" style=\"width:1px;height:1px\" \/><\/p>\n<p>\u201cFicou claro para mim que n\u00e3o poderia conciliar meu trabalho de consultor com o exerc\u00edcio da Presid\u00eancia da Petrobras. Iniciei imediatamente os procedimentos para me desligar do Centro Brasileiro de Infraestrutura (CBIE), consultoria que fundei h\u00e1 mais de 20 anos e hoje dirijo em sociedade com meu filho. Ao longo do processo, por\u00e9m, percebi que infelizmente n\u00e3o tenho condi\u00e7\u00f5es de faz\u00ea-lo em t\u00e3o pouco tempo\u201d, destacou Pires no documento.<\/p>\n<p>Pires tinha sido indicado para substituir o general da reserva Joaquim Silva e Luna na presid\u00eancia da estatal. No entanto, diversos acionistas minorit\u00e1rios questionaram conflito de interesses decorrentes da atividade profissional do economista.<\/p>\n<p>A possibilidade de desist\u00eancia de Pires tinha provocado tens\u00f5es na bolsa de valores ao longo do dia. As <a href=\"https:\/\/agenciabrasil.ebc.com.br\/economia\/noticia\/2022-04\/dolar-cai-para-r-460-e-fecha-no-menor-nivel-em-dois-anos\" target=\"_blank\" rel=\"noopener\">a\u00e7\u00f5es da companhia<\/a> ca\u00edram 0,85% (a\u00e7\u00f5es ordin\u00e1rias) e 0,94% (a\u00e7\u00f5es preferenciais) nesta segunda-feira.<\/p>\n<p>Ou\u00e7a na <strong>Radioag\u00eancia Nacional<\/strong><\/p>\n<div class=\"dnd-widget-wrapper context-cheio_8colunas type-audio\">\n<div class=\"dnd-atom-rendered\"><!-- scald=284151:cheio_8colunas --><\/p>\n<div class=\"col-lg-12 shadow-sm sticky-element px-0 m-0 z-9\">\n<div class=\"rounded-lg\">\n<div class=\"player-wrapper bg-secondary\">\n            <audio id=\"media-284151\" preload=\"none\" controls style=\"max-width:100%\" class=\"rounded-lg shadow-sm\" target=\"_blank\"><\/p>\n<p>            <\/audio>\n        <\/div>\n<\/p><\/div>\n<\/div>\n<p><!-- END scald=284151 --><\/div>\n<div class=\"dnd-caption-wrapper\">\n<div class=\"meta\">\n<!--END copyright=284151--><\/div>\n<\/div>\n<\/div>\n","protected":false},"excerpt":{"rendered":"<p>Indicado h\u00e1 uma semana para assumir o comando da Petrobras, o economista e consultor Adriano Pires comunicou hoje (4) \u00e0 [&hellip;]<\/p>\n","protected":false},"author":1,"featured_media":31298,"comment_status":"open","ping_status":"open","sticky":false,"template":"","format":"standard","meta":{"footnotes":""},"categories":[344],"tags":[],"class_list":["post-31297","post","type-post","status-publish","format-standard","has-post-thumbnail","hentry","category-economia"],"_links":{"self":[{"href":"https:\/\/pageup-solutions.com\/sitenoticiasvc1\/wp-json\/wp\/v2\/posts\/31297","targetHints":{"allow":["GET"]}}],"collection":[{"href":"https:\/\/pageup-solutions.com\/sitenoticiasvc1\/wp-json\/wp\/v2\/posts"}],"about":[{"href":"https:\/\/pageup-solutions.com\/sitenoticiasvc1\/wp-json\/wp\/v2\/types\/post"}],"author":[{"embeddable":true,"href":"https:\/\/pageup-solutions.com\/sitenoticiasvc1\/wp-json\/wp\/v2\/users\/1"}],"replies":[{"embeddable":true,"href":"https:\/\/pageup-solutions.com\/sitenoticiasvc1\/wp-json\/wp\/v2\/comments?post=31297"}],"version-history":[{"count":0,"href":"https:\/\/pageup-solutions.com\/sitenoticiasvc1\/wp-json\/wp\/v2\/posts\/31297\/revisions"}],"wp:featuredmedia":[{"embeddable":true,"href":"https:\/\/pageup-solutions.com\/sitenoticiasvc1\/wp-json\/wp\/v2\/media\/31298"}],"wp:attachment":[{"href":"https:\/\/pageup-solutions.com\/sitenoticiasvc1\/wp-json\/wp\/v2\/media?parent=31297"}],"wp:term":[{"taxonomy":"category","embeddable":true,"href":"https:\/\/pageup-solutions.com\/sitenoticiasvc1\/wp-json\/wp\/v2\/categories?post=31297"},{"taxonomy":"post_tag","embeddable":true,"href":"https:\/\/pageup-solutions.com\/sitenoticiasvc1\/wp-json\/wp\/v2\/tags?post=31297"}],"curies":[{"name":"wp","href":"https:\/\/api.w.org\/{rel}","templated":true}]}}