{"id":31309,"date":"2022-04-05T10:18:29","date_gmt":"2022-04-05T13:18:29","guid":{"rendered":"https:\/\/pageup-solutions.com\/sitenoticiasv14\/previa-da-carga-tributaria-sobe-para-339-do-pib-em-2021\/"},"modified":"2022-04-05T10:18:29","modified_gmt":"2022-04-05T13:18:29","slug":"previa-da-carga-tributaria-sobe-para-339-do-pib-em-2021","status":"publish","type":"post","link":"https:\/\/pageup-solutions.com\/sitenoticiasvc1\/previa-da-carga-tributaria-sobe-para-339-do-pib-em-2021\/","title":{"rendered":"Pr\u00e9via da carga tribut\u00e1ria sobe para 33,9% do PIB em 2021"},"content":{"rendered":"<p>A pr\u00e9via da carga tribut\u00e1ria (peso dos impostos e demais tributos sobre a economia) subiu para 33,9% do Produto Interno Bruto, em 2021, divulgou\u00a0hoje\u00a0(4) o Tesouro Nacional. Em 2020, o mesmo indicador tinha atingido 31,76%, diferen\u00e7a de 2,14 ponto percentual.<img decoding=\"async\" src=\"https:\/\/pageup-solutions.com\/sitenoticiasvc1\/wp-content\/uploads\/ebc.png624c41c035fa1.png?id=1452292&#038;o=rss\" style=\"width:1px;height:1px\" \/><img decoding=\"async\" src=\"https:\/\/pageup-solutions.com\/sitenoticiasvc1\/wp-content\/uploads\/ebc.gif624c41c095647.png?id=1452292&#038;o=rss\" style=\"width:1px;height:1px\" \/><\/p>\n<p>Segundo o Tesouro, dois fatores pesaram para a diminui\u00e7\u00e3o da carga tribut\u00e1ria. O primeiro foi a revers\u00e3o de v\u00e1rias isen\u00e7\u00f5es e redu\u00e7\u00f5es de tributos concedidas durante a fase mais aguda da pandemia de covid-19. Somente a restaura\u00e7\u00e3o das al\u00edquotas do Imposto sobre Opera\u00e7\u00f5es Financeiras (IOF) sobre o cr\u00e9dito respondeu por um aumento de 0,27 ponto percentual do PIB.<\/p>\n<p>O segundo fator foi a recupera\u00e7\u00e3o da atividade econ\u00f4mica ap\u00f3s a contra\u00e7\u00e3o de 2020. Com a alta na produ\u00e7\u00e3o e no consumo, mais pessoas pagam impostos. Isso pode ser explicado pelo aumento de 1,28 ponto percentual do PIB na arrecada\u00e7\u00e3o de tributos sobre bens e servi\u00e7os.<\/p>\n<p>A arrecada\u00e7\u00e3o do Imposto sobre a Circula\u00e7\u00e3o sobre Mercadorias e Servi\u00e7os (ICMS), administrado pelos estados, aumentou 0,58 ponto percentual do PIB em 2021. Al\u00e9m da recupera\u00e7\u00e3o do consumo, a alta reflete o encarecimento de produtos e servi\u00e7os que subiram acima da infla\u00e7\u00e3o no ano passado, como eletricidade e combust\u00edveis.<\/p>\n<p>Outros tributos com destaque na subida da carga tribut\u00e1ria foram o Programa de Integra\u00e7\u00e3o Social (PIS) e a Contribui\u00e7\u00e3o para o Financiamento da Seguridade Social (Cofins), com crescimento de 0,22 ponto percentual, e o Imposto sobre Servi\u00e7os (ISS), administrado pelos munic\u00edpios, com alta de 0,06 ponto percentual. Os dois tributos s\u00e3o ligados ao consumo e refletem a alta nas vendas.<\/p>\n<p>Todo m\u00eas\u00a0de mar\u00e7o, o Tesouro divulga uma estimativa pr\u00f3pria da carga tribut\u00e1ria do ano anterior. No entanto, por causa da opera\u00e7\u00e3o-padr\u00e3o e das paralisa\u00e7\u00f5es dos servidores do \u00f3rg\u00e3o, a divulga\u00e7\u00e3o passou para a primeira semana\u00a0de abril.<\/p>\n<p>Segundo o Minist\u00e9rio da Economia, a elabora\u00e7\u00e3o de uma pr\u00e9via da carga tribut\u00e1ria \u00e9 necess\u00e1ria porque os dados s\u00e3o inclu\u00eddos na presta\u00e7\u00e3o de contas da Presid\u00eancia da Rep\u00fablica. O n\u00famero oficial, divulgado pela Receita Federal, s\u00f3 sai ao longo do segundo semestre.<\/p>\n","protected":false},"excerpt":{"rendered":"<p>A pr\u00e9via da carga tribut\u00e1ria (peso dos impostos e demais tributos sobre a economia) subiu para 33,9% do Produto Interno [&hellip;]<\/p>\n","protected":false},"author":1,"featured_media":31310,"comment_status":"open","ping_status":"open","sticky":false,"template":"","format":"standard","meta":{"footnotes":""},"categories":[344],"tags":[],"class_list":["post-31309","post","type-post","status-publish","format-standard","has-post-thumbnail","hentry","category-economia"],"_links":{"self":[{"href":"https:\/\/pageup-solutions.com\/sitenoticiasvc1\/wp-json\/wp\/v2\/posts\/31309","targetHints":{"allow":["GET"]}}],"collection":[{"href":"https:\/\/pageup-solutions.com\/sitenoticiasvc1\/wp-json\/wp\/v2\/posts"}],"about":[{"href":"https:\/\/pageup-solutions.com\/sitenoticiasvc1\/wp-json\/wp\/v2\/types\/post"}],"author":[{"embeddable":true,"href":"https:\/\/pageup-solutions.com\/sitenoticiasvc1\/wp-json\/wp\/v2\/users\/1"}],"replies":[{"embeddable":true,"href":"https:\/\/pageup-solutions.com\/sitenoticiasvc1\/wp-json\/wp\/v2\/comments?post=31309"}],"version-history":[{"count":0,"href":"https:\/\/pageup-solutions.com\/sitenoticiasvc1\/wp-json\/wp\/v2\/posts\/31309\/revisions"}],"wp:featuredmedia":[{"embeddable":true,"href":"https:\/\/pageup-solutions.com\/sitenoticiasvc1\/wp-json\/wp\/v2\/media\/31310"}],"wp:attachment":[{"href":"https:\/\/pageup-solutions.com\/sitenoticiasvc1\/wp-json\/wp\/v2\/media?parent=31309"}],"wp:term":[{"taxonomy":"category","embeddable":true,"href":"https:\/\/pageup-solutions.com\/sitenoticiasvc1\/wp-json\/wp\/v2\/categories?post=31309"},{"taxonomy":"post_tag","embeddable":true,"href":"https:\/\/pageup-solutions.com\/sitenoticiasvc1\/wp-json\/wp\/v2\/tags?post=31309"}],"curies":[{"name":"wp","href":"https:\/\/api.w.org\/{rel}","templated":true}]}}