{"id":31315,"date":"2022-04-05T10:23:12","date_gmt":"2022-04-05T13:23:12","guid":{"rendered":"https:\/\/pageup-solutions.com\/sitenoticiasv14\/partido-novo-lanca-pre-candidatura-de-luiz-felipe-davila-a-presidente\/"},"modified":"2022-08-08T14:27:52","modified_gmt":"2022-08-08T17:27:52","slug":"partido-novo-lanca-pre-candidatura-de-luiz-felipe-davila-a-presidente","status":"publish","type":"post","link":"https:\/\/pageup-solutions.com\/sitenoticiasvc1\/partido-novo-lanca-pre-candidatura-de-luiz-felipe-davila-a-presidente\/","title":{"rendered":"Partido Novo lan\u00e7a pr\u00e9-candidatura de Luiz Felipe d&#039;\u00c1vila a presidente"},"content":{"rendered":"<div>\n<p>O partido Novo lan\u00e7ou, neste s\u00e1bado (2), a pr\u00e9-candidatura de Felipe d\u2019Avila para presidente da Rep\u00fablica nas elei\u00e7\u00f5es de outubro. A apresenta\u00e7\u00e3o aconteceu durante o 6\u00ba Encontro Nacional, na sede da Federa\u00e7\u00e3o do Com\u00e9rcio de Bens, Servi\u00e7os e Turismo (Fecomercio), em S\u00e3o Paulo.<img decoding=\"async\" src=\"https:\/\/pageup-solutions.com\/sitenoticiasvc1\/wp-content\/uploads\/ebc.png624c42c1bc6c6.png?id=1452086&#038;o=node\"><\/img><img decoding=\"async\" src=\"https:\/\/pageup-solutions.com\/sitenoticiasvc1\/wp-content\/uploads\/ebc.gif624c42c23fe74.png?id=1452086&#038;o=node\"><\/img><\/p>\n<p>Em entrevista coletiva \u00e0 imprensa, o pr\u00e9-candidato disse que pretende pacificar o pa\u00eds e que se considera a terceira via nas elei\u00e7\u00f5es deste ano. \u201cO Brasil precisa de um presidente capaz de pacificar o Brasil e a nossa campanha n\u00e3o \u00e9 aumentar a polariza\u00e7\u00e3o ou disputar a polariza\u00e7\u00e3o. \u00c9 pacificar o pa\u00eds. As pessoas entenderam que o radicalismo pol\u00edtico piorou a vida delas, aumentou a pobreza, o desemprego, caiu a renda, a infla\u00e7\u00e3o voltou e a pobreza aumentou\u201d, afirmou.<\/p>\n<p>A abertura econ\u00f4mica est\u00e1 entre as principais propostas do candidato. \u201cO Brasil precisa de um presidente capaz de vencer esse populismo que nos deixou com estagna\u00e7\u00e3o econ\u00f4mica h\u00e1 20 anos, recorde de desemprego, aumento da mis\u00e9ria. A abertura econ\u00f4mica do Brasil \u00e9 fundamental. Nenhum pa\u00eds do mundo ficou rico mantendo a sua economia fechada\u201d, destacou.<\/p>\n<p>Felipe d\u2019Avila citou ainda a necessidade de \u201cconcilia\u00e7\u00e3o&#8221; do agroneg\u00f3cio com o meio ambiente, a descentraliza\u00e7\u00e3o do poder e o empoderamento do cidad\u00e3o por meio da digitaliza\u00e7\u00e3o do governo.<\/p>\n<h2>Sem coliga\u00e7\u00f5es<\/h2>\n<p>A princ\u00edpio o partido n\u00e3o vai fazer coliga\u00e7\u00f5es para disputar o Executivo. \u201cO Novo pretende sempre buscar apoio com partidos que trabalham para esse projeto da agenda modernizadora do pa\u00eds. Agora, o mais importante \u00e9 que tenhamos um presidente capaz de pacificar o pa\u00eds e que n\u00e3o vai abrir m\u00e3o dessa agenda reformista que o Brasil precisa, de abertura econ\u00f4mica principalmente, de uma pol\u00edtica ambiental para atrair investimento para o Brasil e possibilitar que o agroneg\u00f3cio continue exportando, para que o Brasil n\u00e3o perca mais competitividade no setor que hoje ele \u00e9 o mais competitivo\u201d.<\/p>\n<div>\n<div>\n<p><img decoding=\"async\" alt=\"Felipe d'Avila\" data-echo=\"https:\/\/pageup-solutions.com\/sitenoticiasvc1\/wp-content\/uploads\/1500x500_3.jpg?itok=H7bqYvN4\" src=\"https:\/\/pageup-solutions.com\/sitenoticiasvc1\/wp-content\/uploads\/loading_v2-2.gif\" title=\"Reprodu\u00e7\u00e3o twitter Felipe d'Avila\"><\/img>              <\/p>\n<\/p><\/div>\n<\/div>\n<h2>Perfil<\/h2>\n<p>Felipe d\u2019 Avila, 58 anos, nascido em S\u00e3o Paulo, \u00e9 cientista pol\u00edtico, mestre em administra\u00e7\u00e3o p\u00fablica pela Universidade de Harvard. Fundou, em 2008, o Centro de Lideran\u00e7a P\u00fablica, uma organiza\u00e7\u00e3o sem fins lucrativos dedicada \u00e0 forma\u00e7\u00e3o de l\u00edderes pol\u00edticos. \u00c9 escritor e tem 10 t\u00edtulos publicados, sendo <em>10 Mandamentos: do pa\u00eds que somos para o Brasil que queremos<\/em> a sua obra mais recente. Essa \u00e9 a primeira vez em que ele se candidata ao cargo de presidente da Rep\u00fablica. O vice-presidente n\u00e3o foi definido ainda.<\/p>\n<h2>Candidatos a governadores<\/h2>\n<p>O partido apresentou tamb\u00e9m como pr\u00e9-candidatos a governador Romeu Zema (MG), Vinicius Poit (SP), Paulo Ganime (RJ), Odair Tramontin (SC) e Aridelmo Teixeira (ES), al\u00e9m de pr\u00e9-candidatos ao Senado, como Paulo Roque (DF).<\/p>\n<p>O partido ainda est\u00e1 em fase de conclus\u00e3o do processo seletivo para os governos de Goi\u00e1s e do Rio Grande do Sul. Segundo o partido, a legenda tem fechado nominatas completas nos principais estados e pretende dobrar a sua bancada na C\u00e2mara dos Deputados e triplicar suas bancadas estaduais.<\/p>\n<\/p><\/div>\n","protected":false},"excerpt":{"rendered":"<p>O partido Novo lan\u00e7ou, neste s\u00e1bado (2), a pr\u00e9-candidatura de Felipe d\u2019Avila para presidente da Rep\u00fablica nas elei\u00e7\u00f5es de outubro. [&hellip;]<\/p>\n","protected":false},"author":1,"featured_media":31316,"comment_status":"closed","ping_status":"closed","sticky":false,"template":"","format":"standard","meta":{"footnotes":""},"categories":[346],"tags":[393,400,426,434],"class_list":["post-31315","post","type-post","status-publish","format-standard","has-post-thumbnail","hentry","category-eleicoes-2022","tag-eleicoes-2022","tag-felipe-davila","tag-partido-novo","tag-politica"],"_links":{"self":[{"href":"https:\/\/pageup-solutions.com\/sitenoticiasvc1\/wp-json\/wp\/v2\/posts\/31315","targetHints":{"allow":["GET"]}}],"collection":[{"href":"https:\/\/pageup-solutions.com\/sitenoticiasvc1\/wp-json\/wp\/v2\/posts"}],"about":[{"href":"https:\/\/pageup-solutions.com\/sitenoticiasvc1\/wp-json\/wp\/v2\/types\/post"}],"author":[{"embeddable":true,"href":"https:\/\/pageup-solutions.com\/sitenoticiasvc1\/wp-json\/wp\/v2\/users\/1"}],"replies":[{"embeddable":true,"href":"https:\/\/pageup-solutions.com\/sitenoticiasvc1\/wp-json\/wp\/v2\/comments?post=31315"}],"version-history":[{"count":1,"href":"https:\/\/pageup-solutions.com\/sitenoticiasvc1\/wp-json\/wp\/v2\/posts\/31315\/revisions"}],"predecessor-version":[{"id":31459,"href":"https:\/\/pageup-solutions.com\/sitenoticiasvc1\/wp-json\/wp\/v2\/posts\/31315\/revisions\/31459"}],"wp:featuredmedia":[{"embeddable":true,"href":"https:\/\/pageup-solutions.com\/sitenoticiasvc1\/wp-json\/wp\/v2\/media\/31316"}],"wp:attachment":[{"href":"https:\/\/pageup-solutions.com\/sitenoticiasvc1\/wp-json\/wp\/v2\/media?parent=31315"}],"wp:term":[{"taxonomy":"category","embeddable":true,"href":"https:\/\/pageup-solutions.com\/sitenoticiasvc1\/wp-json\/wp\/v2\/categories?post=31315"},{"taxonomy":"post_tag","embeddable":true,"href":"https:\/\/pageup-solutions.com\/sitenoticiasvc1\/wp-json\/wp\/v2\/tags?post=31315"}],"curies":[{"name":"wp","href":"https:\/\/api.w.org\/{rel}","templated":true}]}}