{"id":31319,"date":"2022-04-05T10:23:11","date_gmt":"2022-04-05T13:23:11","guid":{"rendered":"https:\/\/pageup-solutions.com\/sitenoticiasv14\/governo-regulamenta-a-oferta-secundaria-de-acoes-da-eletrobras\/"},"modified":"2022-08-08T14:28:07","modified_gmt":"2022-08-08T17:28:07","slug":"governo-regulamenta-a-oferta-secundaria-de-acoes-da-eletrobras","status":"publish","type":"post","link":"https:\/\/pageup-solutions.com\/sitenoticiasvc1\/governo-regulamenta-a-oferta-secundaria-de-acoes-da-eletrobras\/","title":{"rendered":"Governo regulamenta a oferta secund\u00e1ria de a\u00e7\u00f5es da Eletrobras"},"content":{"rendered":"<div>\n<p>Um decreto publicado nesta sexta-feira (1\u00ba), em edi\u00e7\u00e3o extra do<em> Di\u00e1rio Oficial da Uni\u00e3o,<\/em> regulamentou a venda de a\u00e7\u00f5es das Centrais El\u00e9tricas Brasileiras S.A. (Eletrobras) que est\u00e3o em posse do Banco Nacional de Desenvolvimento Econ\u00f4mico e Social (BNDES) e de suas subsidi\u00e1rias, em especial aquelas em posse da BNDES Participa\u00e7\u00e3o S.A. \u2013 BNDESPAR.<img decoding=\"async\" src=\"https:\/\/pageup-solutions.com\/sitenoticiasvc1\/wp-content\/uploads\/ebc.png624c42c9b5059.png?id=1451973&#038;o=node\"><\/img><img decoding=\"async\" src=\"https:\/\/pageup-solutions.com\/sitenoticiasvc1\/wp-content\/uploads\/ebc.gif624c42ca24307.png?id=1451973&#038;o=node\"><\/img><\/p>\n<p>A Eletrobras est\u00e1 em processo de desestatiza\u00e7\u00e3o por meio do aumento de seu capital social e, segundo a lei que autorizou esse processo, isso pode ser acompanhado da oferta secund\u00e1ria de a\u00e7\u00f5es de propriedade da Uni\u00e3o ou de empresa por ela controlada direta ou indiretamente.<\/p>\n<p>A Uni\u00e3o det\u00e9m diretamente 51,82% das a\u00e7\u00f5es ordin\u00e1rias da Eletrobr\u00e1s, de acordo com informa\u00e7\u00f5es referentes com ao terceiro trimestre do ano passado. Com a desestatiza\u00e7\u00e3o, haver\u00e1 aumento de capital social, com a oferta prim\u00e1ria de a\u00e7\u00f5es, que consiste na venda de novas a\u00e7\u00f5es no mercado. A inten\u00e7\u00e3o \u00e9 que o volume de a\u00e7\u00f5es adquiridos por entes privados seja suficiente para diluir a participa\u00e7\u00e3o da Uni\u00e3o, de modo que esta n\u00e3o seja mais controladora da companhia.<\/p>\n<p>Se a oferta inicial de a\u00e7\u00f5es n\u00e3o seja suficiente para alcan\u00e7ar essa finalidade, a lei permite que haja uma oferta secund\u00e1ria de a\u00e7\u00f5es que est\u00e3o de posse da Administra\u00e7\u00e3o P\u00fablica federal, para que a Uni\u00e3o perca a maioria do capital votante da Eletrobras. Esse \u00e9 o objetivo deste decreto, que vender\u00e1 cerca de 16,78% do total de a\u00e7\u00f5es ordin\u00e1rias da Eletrobras que estavam em posse do BNDES e de suas subsidi\u00e1rias.<br \/><\/br> \u00a0<\/p>\n<\/p><\/div>\n","protected":false},"excerpt":{"rendered":"<p>Um decreto publicado nesta sexta-feira (1\u00ba), em edi\u00e7\u00e3o extra do Di\u00e1rio Oficial da Uni\u00e3o, regulamentou a venda de a\u00e7\u00f5es das [&hellip;]<\/p>\n","protected":false},"author":1,"featured_media":31320,"comment_status":"closed","ping_status":"closed","sticky":false,"template":"","format":"standard","meta":{"footnotes":""},"categories":[354],"tags":[361,372,390,396,434,439],"class_list":["post-31319","post","type-post","status-publish","format-standard","has-post-thumbnail","hentry","category-politica","tag-acoes-da-eletrobras","tag-bndes","tag-desestatizacao-da-eletrobras","tag-eletrobras","tag-politica","tag-privatizacao-da-eletrobras"],"_links":{"self":[{"href":"https:\/\/pageup-solutions.com\/sitenoticiasvc1\/wp-json\/wp\/v2\/posts\/31319","targetHints":{"allow":["GET"]}}],"collection":[{"href":"https:\/\/pageup-solutions.com\/sitenoticiasvc1\/wp-json\/wp\/v2\/posts"}],"about":[{"href":"https:\/\/pageup-solutions.com\/sitenoticiasvc1\/wp-json\/wp\/v2\/types\/post"}],"author":[{"embeddable":true,"href":"https:\/\/pageup-solutions.com\/sitenoticiasvc1\/wp-json\/wp\/v2\/users\/1"}],"replies":[{"embeddable":true,"href":"https:\/\/pageup-solutions.com\/sitenoticiasvc1\/wp-json\/wp\/v2\/comments?post=31319"}],"version-history":[{"count":1,"href":"https:\/\/pageup-solutions.com\/sitenoticiasvc1\/wp-json\/wp\/v2\/posts\/31319\/revisions"}],"predecessor-version":[{"id":31460,"href":"https:\/\/pageup-solutions.com\/sitenoticiasvc1\/wp-json\/wp\/v2\/posts\/31319\/revisions\/31460"}],"wp:featuredmedia":[{"embeddable":true,"href":"https:\/\/pageup-solutions.com\/sitenoticiasvc1\/wp-json\/wp\/v2\/media\/31320"}],"wp:attachment":[{"href":"https:\/\/pageup-solutions.com\/sitenoticiasvc1\/wp-json\/wp\/v2\/media?parent=31319"}],"wp:term":[{"taxonomy":"category","embeddable":true,"href":"https:\/\/pageup-solutions.com\/sitenoticiasvc1\/wp-json\/wp\/v2\/categories?post=31319"},{"taxonomy":"post_tag","embeddable":true,"href":"https:\/\/pageup-solutions.com\/sitenoticiasvc1\/wp-json\/wp\/v2\/tags?post=31319"}],"curies":[{"name":"wp","href":"https:\/\/api.w.org\/{rel}","templated":true}]}}