{"id":31323,"date":"2022-04-05T10:23:10","date_gmt":"2022-04-05T13:23:10","guid":{"rendered":"https:\/\/pageup-solutions.com\/sitenoticiasv14\/presidente-altera-regulamento-do-marco-legal-do-saneamento-basico\/"},"modified":"2022-04-05T10:23:10","modified_gmt":"2022-04-05T13:23:10","slug":"presidente-altera-regulamento-do-marco-legal-do-saneamento-basico","status":"publish","type":"post","link":"https:\/\/pageup-solutions.com\/sitenoticiasvc1\/presidente-altera-regulamento-do-marco-legal-do-saneamento-basico\/","title":{"rendered":"Presidente altera regulamento do Marco Legal do Saneamento B\u00e1sico"},"content":{"rendered":"<div>\n<p>O presidente Jair Bolsonaro editou nesta sexta-feira (1\u00ba) um decreto que altera o Decreto n\u00ba 10.588, de 2020, que trata sobre o apoio t\u00e9cnico e financeiro da Uni\u00e3o \u00e0 adapta\u00e7\u00e3o dos servi\u00e7os p\u00fablicos de saneamento b\u00e1sico \u00e0s disposi\u00e7\u00f5es do novo Marco Regulat\u00f3rio do Saneamento B\u00e1sico. O decreto tamb\u00e9m trata da aloca\u00e7\u00e3o de recursos p\u00fablicos federais e financiamentos com recursos da Uni\u00e3o ou geridos ou operados por \u00f3rg\u00e3os ou entidades da Uni\u00e3o. O decreto foi publicado hoje em edi\u00e7\u00e3o extra do <em>Di\u00e1rio Oficial da Uni\u00e3o<\/em>.<img decoding=\"async\" src=\"https:\/\/pageup-solutions.com\/sitenoticiasvc1\/wp-content\/uploads\/ebc.png624c42cff28d9.png?id=1451968&#038;o=node\"><\/img><img decoding=\"async\" src=\"https:\/\/pageup-solutions.com\/sitenoticiasvc1\/wp-content\/uploads\/ebc.gif624c42d05e5cc.png?id=1451968&#038;o=node\"><\/img><\/p>\n<p>A L<a href=\"http:\/\/www.planalto.gov.br\/ccivil_03\/_ato2019-2022\/2020\/lei\/l14026.htm\" target=\"_blank\" rel=\"noopener\">ei n\u00ba 14.026\/2020<\/a>, que trata do novo Marco Regulat\u00f3rio do Saneamento B\u00e1sico estabelece a universaliza\u00e7\u00e3o dos servi\u00e7os de saneamento, com metas de atendimento de 99% popula\u00e7\u00e3o com \u00e1gua pot\u00e1vel e de 90% com coleta e tratamento de esgotos at\u00e9 31 de dezembro de 2033. J\u00e1 o Decreto n\u00ba 10.588\/2020 estabelece regras para a aloca\u00e7\u00e3o de recursos federais para a concretiza\u00e7\u00e3o dos objetivos estabelecidos no novo marco legal do saneamento.\u00a0<\/p>\n<p>O governo federal avaliou, segundo o Minist\u00e9rio do Desenvolvimento Regional, que havia a necessidade de alterar o Decreto n\u00ba 10.588\/2020 para garantir a continuidade da regionaliza\u00e7\u00e3o dos servi\u00e7os de saneamento b\u00e1sico, assim como a regulariza\u00e7\u00e3o das opera\u00e7\u00f5es de fornecimento de \u00e1gua e esgoto.\u00a0<\/p>\n<p>\u201cUm dos desafios identificados nesta fase de transi\u00e7\u00e3o diz respeito \u00e0 defini\u00e7\u00e3o, por lei estadual, das estruturas de presta\u00e7\u00e3o regionalizada\u201d, informou a assessoria de comunica\u00e7\u00e3o da Secretaria-Geral da Presid\u00eancia. \u201cCom esse objetivo, foram definidas regras para que arranjos de presta\u00e7\u00e3o regionalizada definidos pelos munic\u00edpios possam ser aceitos para fins de cumprimento das exig\u00eancias legais quando n\u00e3o houver lei estadual que trate da regionaliza\u00e7\u00e3o.\u201d<br \/><\/br> \u00a0<br \/><\/br> O decreto tamb\u00e9m traz normas para estabelecer de modo mais claro como dever\u00e1 ocorrer a uniformiza\u00e7\u00e3o dos prazos de vig\u00eancia dos contratos atualmente em vigor para viabilizar a regionaliza\u00e7\u00e3o dos servi\u00e7os.<\/p>\n<p>Como o prazo para a comprova\u00e7\u00e3o da capacidade econ\u00f4mico-financeira dos prestadores terminou no dia 31 de mar\u00e7o, o decreto estabeleceu um per\u00edodo de transi\u00e7\u00e3o para regulariza\u00e7\u00e3o da presta\u00e7\u00e3o dos servi\u00e7os. Durante este per\u00edodo, os estados e munic\u00edpios podem continuar a receber recursos federais, desde que atendidas as condi\u00e7\u00f5es previstas no decreto.\u00a0<\/p>\n<\/p><\/div>\n","protected":false},"excerpt":{"rendered":"<p>O presidente Jair Bolsonaro editou nesta sexta-feira (1\u00ba) um decreto que altera o Decreto n\u00ba 10.588, de 2020, que trata [&hellip;]<\/p>\n","protected":false},"author":1,"featured_media":31324,"comment_status":"closed","ping_status":"closed","sticky":false,"template":"","format":"standard","meta":{"footnotes":""},"categories":[350,354],"tags":[416,434,455],"class_list":["post-31323","post","type-post","status-publish","format-standard","has-post-thumbnail","hentry","category-geral","category-politica","tag-marco-legal-do-saneamento","tag-politica","tag-saneamento"],"_links":{"self":[{"href":"https:\/\/pageup-solutions.com\/sitenoticiasvc1\/wp-json\/wp\/v2\/posts\/31323","targetHints":{"allow":["GET"]}}],"collection":[{"href":"https:\/\/pageup-solutions.com\/sitenoticiasvc1\/wp-json\/wp\/v2\/posts"}],"about":[{"href":"https:\/\/pageup-solutions.com\/sitenoticiasvc1\/wp-json\/wp\/v2\/types\/post"}],"author":[{"embeddable":true,"href":"https:\/\/pageup-solutions.com\/sitenoticiasvc1\/wp-json\/wp\/v2\/users\/1"}],"replies":[{"embeddable":true,"href":"https:\/\/pageup-solutions.com\/sitenoticiasvc1\/wp-json\/wp\/v2\/comments?post=31323"}],"version-history":[{"count":0,"href":"https:\/\/pageup-solutions.com\/sitenoticiasvc1\/wp-json\/wp\/v2\/posts\/31323\/revisions"}],"wp:featuredmedia":[{"embeddable":true,"href":"https:\/\/pageup-solutions.com\/sitenoticiasvc1\/wp-json\/wp\/v2\/media\/31324"}],"wp:attachment":[{"href":"https:\/\/pageup-solutions.com\/sitenoticiasvc1\/wp-json\/wp\/v2\/media?parent=31323"}],"wp:term":[{"taxonomy":"category","embeddable":true,"href":"https:\/\/pageup-solutions.com\/sitenoticiasvc1\/wp-json\/wp\/v2\/categories?post=31323"},{"taxonomy":"post_tag","embeddable":true,"href":"https:\/\/pageup-solutions.com\/sitenoticiasvc1\/wp-json\/wp\/v2\/tags?post=31323"}],"curies":[{"name":"wp","href":"https:\/\/api.w.org\/{rel}","templated":true}]}}