{"id":31327,"date":"2022-04-05T10:23:09","date_gmt":"2022-04-05T13:23:09","guid":{"rendered":"https:\/\/pageup-solutions.com\/sitenoticiasv14\/decreto-concede-desconto-no-credito-rural-de-agricultores-familiares\/"},"modified":"2022-04-05T10:23:09","modified_gmt":"2022-04-05T13:23:09","slug":"decreto-concede-desconto-no-credito-rural-de-agricultores-familiares","status":"publish","type":"post","link":"https:\/\/pageup-solutions.com\/sitenoticiasvc1\/decreto-concede-desconto-no-credito-rural-de-agricultores-familiares\/","title":{"rendered":"Decreto concede desconto no cr\u00e9dito rural de agricultores familiares\u00a0"},"content":{"rendered":"<div>\n<p>O presidente Jair Bolsonaro editou nesta sexta-feira (1\u00ba) um decreto que concede descontos nas opera\u00e7\u00f5es de cr\u00e9dito rural de custeio e investimento contratadas por agricultores familiares dentro do Programa Nacional de Fortalecimento da Agricultura Familiar (Pronaf) e que tenham sido prejudicados pela seca ou pela estiagem em munic\u00edpios dos estados do Mato Grosso do Sul, do Paran\u00e1, de Santa Catarina e do Rio Grande do Sul.<img decoding=\"async\" src=\"https:\/\/pageup-solutions.com\/sitenoticiasvc1\/wp-content\/uploads\/ebc.png624c42d783a52.png?id=1451962&#038;o=node\"><\/img><img decoding=\"async\" src=\"https:\/\/pageup-solutions.com\/sitenoticiasvc1\/wp-content\/uploads\/ebc.gif624c42d7e756d.png?id=1451962&#038;o=node\"><\/img><\/p>\n<p>O benef\u00edcio ser\u00e1 destinado aos pequenos produtores rurais da agricultura familiar, sem cobertura do Programa de Garantia da Atividade Agropecu\u00e1ria &#8211; Proagro ou Seguro, que foram afetados e tiveram perdas em raz\u00e3o de seca ou estiagem no ano agr\u00edcola de 2021\/2022.<\/p>\n<p>Os recursos para o fornecimento dos descontos aos agricultores familiares vir\u00e3o de cr\u00e9dito extraordin\u00e1rio aberto por medida provis\u00f3ria no valor de R$ 1,2 bilh\u00e3o.<\/p>\n<p>A medida foi publicada em edi\u00e7\u00e3o extra do <em>Di\u00e1rio Oficial da Uni\u00e3o <\/em>nesta sexta-feira.<br \/><\/br> \u00a0<\/p>\n<\/p><\/div>\n","protected":false},"excerpt":{"rendered":"<p>O presidente Jair Bolsonaro editou nesta sexta-feira (1\u00ba) um decreto que concede descontos nas opera\u00e7\u00f5es de cr\u00e9dito rural de custeio [&hellip;]<\/p>\n","protected":false},"author":1,"featured_media":31328,"comment_status":"closed","ping_status":"closed","sticky":false,"template":"","format":"standard","meta":{"footnotes":""},"categories":[350,354],"tags":[363,385,434,442,458],"class_list":["post-31327","post","type-post","status-publish","format-standard","has-post-thumbnail","hentry","category-geral","category-politica","tag-agricultura-familiar","tag-credito-rural","tag-politica","tag-pronaf","tag-seca"],"_links":{"self":[{"href":"https:\/\/pageup-solutions.com\/sitenoticiasvc1\/wp-json\/wp\/v2\/posts\/31327","targetHints":{"allow":["GET"]}}],"collection":[{"href":"https:\/\/pageup-solutions.com\/sitenoticiasvc1\/wp-json\/wp\/v2\/posts"}],"about":[{"href":"https:\/\/pageup-solutions.com\/sitenoticiasvc1\/wp-json\/wp\/v2\/types\/post"}],"author":[{"embeddable":true,"href":"https:\/\/pageup-solutions.com\/sitenoticiasvc1\/wp-json\/wp\/v2\/users\/1"}],"replies":[{"embeddable":true,"href":"https:\/\/pageup-solutions.com\/sitenoticiasvc1\/wp-json\/wp\/v2\/comments?post=31327"}],"version-history":[{"count":0,"href":"https:\/\/pageup-solutions.com\/sitenoticiasvc1\/wp-json\/wp\/v2\/posts\/31327\/revisions"}],"wp:featuredmedia":[{"embeddable":true,"href":"https:\/\/pageup-solutions.com\/sitenoticiasvc1\/wp-json\/wp\/v2\/media\/31328"}],"wp:attachment":[{"href":"https:\/\/pageup-solutions.com\/sitenoticiasvc1\/wp-json\/wp\/v2\/media?parent=31327"}],"wp:term":[{"taxonomy":"category","embeddable":true,"href":"https:\/\/pageup-solutions.com\/sitenoticiasvc1\/wp-json\/wp\/v2\/categories?post=31327"},{"taxonomy":"post_tag","embeddable":true,"href":"https:\/\/pageup-solutions.com\/sitenoticiasvc1\/wp-json\/wp\/v2\/tags?post=31327"}],"curies":[{"name":"wp","href":"https:\/\/api.w.org\/{rel}","templated":true}]}}