{"id":31331,"date":"2022-04-05T10:23:08","date_gmt":"2022-04-05T13:23:08","guid":{"rendered":"https:\/\/pageup-solutions.com\/sitenoticiasv14\/presidente-participa-de-solenidade-de-graduacao-de-sargentos-da-fab\/"},"modified":"2022-04-05T10:23:08","modified_gmt":"2022-04-05T13:23:08","slug":"presidente-participa-de-solenidade-de-graduacao-de-sargentos-da-fab","status":"publish","type":"post","link":"https:\/\/pageup-solutions.com\/sitenoticiasvc1\/presidente-participa-de-solenidade-de-graduacao-de-sargentos-da-fab\/","title":{"rendered":"Presidente participa de solenidade de gradua\u00e7\u00e3o de sargentos da FAB"},"content":{"rendered":"<div>\n<p>O presidente da Rep\u00fablica, Jair Bolsonaro, participou hoje (1) da cerim\u00f4nia de gradua\u00e7\u00e3o de sargentos da For\u00e7a A\u00e9rea Brasileira (FAB). A gradua\u00e7\u00e3o dos militares foi autorizada pelo presidente em dezembro do ano passado, quando assinou um decreto que alterou o Regulamento do Corpo do Pessoal Graduado da Aeron\u00e1utica.<img decoding=\"async\" src=\"https:\/\/pageup-solutions.com\/sitenoticiasvc1\/wp-content\/uploads\/ebc.png624c42de24126.png?id=1451782&#038;o=node\"><\/img><img decoding=\"async\" src=\"https:\/\/pageup-solutions.com\/sitenoticiasvc1\/wp-content\/uploads\/ebc.gif624c42de83307.png?id=1451782&#038;o=node\"><\/img><\/p>\n<p>Hoje, 60 militares foram promovidos \u00e0 patente de segundo-sargento. Mas a medida vai beneficiar cerca de 1,4 mil militares da Aeron\u00e1utica, que ser\u00e3o promovidos de terceiro para segundo-sargento do Quadro Especial de Sargentos (QESA), de todos os grupamentos, a exemplo dos de comunica\u00e7\u00f5es, sa\u00fade, constru\u00e7\u00e3o, infraestrutura, guarda e metalurgia, entre outros.<\/p>\n<p>\u201cVoc\u00eas fazem parte de uma corrente, um grande elo que existe entre os oficiais e a ponta final da linha, os soldados. Ent\u00e3o, voc\u00eas s\u00e3o muito importante para n\u00f3s, prestam os mais importantes servi\u00e7os \u00e0 FAB\u201d, disse Bolsonaro.<\/p>\n<p>Durante a gradua\u00e7\u00e3o, o comandante da Aeron\u00e1utica, tenente-brigadeiro do ar Carlos de Almeida Baptista Junior, disse que a promo\u00e7\u00e3o era uma demanda antiga da FAB e que a iniciativa confere \u00e0 For\u00e7a A\u00e9rea isonomia ao dar o mesmo tratamento em vigor na Marinha e no Ex\u00e9rcito.<\/p>\n<p>\u201cN\u00e3o se pode falar nos valores de uma institui\u00e7\u00e3o sem se referir ao seu bem mais precioso, o conjunto formado por seus recursos humanos, os verdadeiros respons\u00e1veis por garantir e defender os interesses maiores do pa\u00eds\u201d, disse.<\/p>\n<\/p><\/div>\n","protected":false},"excerpt":{"rendered":"<p>O presidente da Rep\u00fablica, Jair Bolsonaro, participou hoje (1) da cerim\u00f4nia de gradua\u00e7\u00e3o de sargentos da For\u00e7a A\u00e9rea Brasileira (FAB). [&hellip;]<\/p>\n","protected":false},"author":1,"featured_media":31332,"comment_status":"closed","ping_status":"closed","sticky":false,"template":"","format":"standard","meta":{"footnotes":""},"categories":[350,354],"tags":[399,401,409,434,441,457],"class_list":["post-31331","post","type-post","status-publish","format-standard","has-post-thumbnail","hentry","category-geral","category-politica","tag-fab","tag-forca-aerea","tag-jair-bolsonaro","tag-politica","tag-promocao","tag-sargentos"],"_links":{"self":[{"href":"https:\/\/pageup-solutions.com\/sitenoticiasvc1\/wp-json\/wp\/v2\/posts\/31331","targetHints":{"allow":["GET"]}}],"collection":[{"href":"https:\/\/pageup-solutions.com\/sitenoticiasvc1\/wp-json\/wp\/v2\/posts"}],"about":[{"href":"https:\/\/pageup-solutions.com\/sitenoticiasvc1\/wp-json\/wp\/v2\/types\/post"}],"author":[{"embeddable":true,"href":"https:\/\/pageup-solutions.com\/sitenoticiasvc1\/wp-json\/wp\/v2\/users\/1"}],"replies":[{"embeddable":true,"href":"https:\/\/pageup-solutions.com\/sitenoticiasvc1\/wp-json\/wp\/v2\/comments?post=31331"}],"version-history":[{"count":0,"href":"https:\/\/pageup-solutions.com\/sitenoticiasvc1\/wp-json\/wp\/v2\/posts\/31331\/revisions"}],"wp:featuredmedia":[{"embeddable":true,"href":"https:\/\/pageup-solutions.com\/sitenoticiasvc1\/wp-json\/wp\/v2\/media\/31332"}],"wp:attachment":[{"href":"https:\/\/pageup-solutions.com\/sitenoticiasvc1\/wp-json\/wp\/v2\/media?parent=31331"}],"wp:term":[{"taxonomy":"category","embeddable":true,"href":"https:\/\/pageup-solutions.com\/sitenoticiasvc1\/wp-json\/wp\/v2\/categories?post=31331"},{"taxonomy":"post_tag","embeddable":true,"href":"https:\/\/pageup-solutions.com\/sitenoticiasvc1\/wp-json\/wp\/v2\/tags?post=31331"}],"curies":[{"name":"wp","href":"https:\/\/api.w.org\/{rel}","templated":true}]}}