{"id":31340,"date":"2022-04-05T10:29:14","date_gmt":"2022-04-05T13:29:14","guid":{"rendered":"https:\/\/pageup-solutions.com\/sitenoticiasv14\/indicadores-industriais-apresentam-imobilidade-preocupante-diz-cni\/"},"modified":"2022-08-08T14:26:54","modified_gmt":"2022-08-08T17:26:54","slug":"indicadores-industriais-apresentam-imobilidade-preocupante-diz-cni","status":"publish","type":"post","link":"https:\/\/pageup-solutions.com\/sitenoticiasvc1\/indicadores-industriais-apresentam-imobilidade-preocupante-diz-cni\/","title":{"rendered":"Indicadores Industriais apresentam \u201cimobilidade preocupante\u201d, diz CNI"},"content":{"rendered":"<p>De todos os \u00edndices analisados pela Confedera\u00e7\u00e3o Nacional da Ind\u00fastria (CNI) para a composi\u00e7\u00e3o dos Indicadores Industriais\u00a0de fevereiro, apenas o relativo a horas trabalhadas na produ\u00e7\u00e3o apresentou crescimento, na compara\u00e7\u00e3o com janeiro. Segundo a entidade, os \u00edndices relativos a faturamento e emprego recuaram, interrompendo a sequ\u00eancia de tr\u00eas altas consecutivas. Para a CNI, o resultado mostra \u201cdesacelera\u00e7\u00e3o do setor\u201d.<img decoding=\"async\" src=\"https:\/\/pageup-solutions.com\/sitenoticiasvc1\/wp-content\/uploads\/ebc.png624c442da046d.png?id=1452248&#038;o=rss\" style=\"width:1px;height:1px\" \/><img decoding=\"async\" src=\"https:\/\/pageup-solutions.com\/sitenoticiasvc1\/wp-content\/uploads\/ebc.gif624c442e217c8.png?id=1452248&#038;o=rss\" style=\"width:1px;height:1px\" \/><\/p>\n<p>Os demais \u00edndices analisados pela confedera\u00e7\u00e3o n\u00e3o apresentaram grandes varia\u00e7\u00f5es, o que, segundo a equipe t\u00e9cnica da CNI, representa uma \u201cimobilidade preocupante para a atividade econ\u00f4mica\u201d.<\/p>\n<p>O faturamento real da ind\u00fastria de transforma\u00e7\u00e3o recuou 0,2% em fevereiro de 2022, na compara\u00e7\u00e3o com janeiro (s\u00e9rie livre de efeitos sazonais). \u201cO recuo ocorre ap\u00f3s tr\u00eas altas consecutivas, per\u00edodo no qual o faturamento havia crescido 5,7%. Na compara\u00e7\u00e3o com fevereiro de 2021, o faturamento registra queda de 5%\u201d, diz o levantamento.<\/p>\n<p>O emprego industrial manteve-se \u201cpraticamente est\u00e1vel\u201d, segundo a CNI, apresentando recuo de \u201capenas 0,1%\u201d na compara\u00e7\u00e3o com janeiro. No somat\u00f3rio dos tr\u00eas meses anteriores esse \u00edndice havia crescido 0,8%. Na compara\u00e7\u00e3o com fevereiro de 2021, o emprego aumentou 2,9%.<\/p>\n<h2>Horas trabalhadas<\/h2>\n<p>J\u00e1 as horas trabalhadas na produ\u00e7\u00e3o registraram crescimento de 1,4%, na compara\u00e7\u00e3o entre fevereiro e janeiro. \u201cO \u00edndice volta a crescer ap\u00f3s o pequeno recuo do m\u00eas anterior (-0,2%) e passa a registrar tr\u00eas altas nos \u00faltimos quatro meses, totalizando crescimento de 3,8% no per\u00edodo\u201d, informa a CNI.<\/p>\n<p>A entidade acrescenta que o total de horas trabalhadas na produ\u00e7\u00e3o em fevereiro de 2022 \u00e9 2,1% acima do registrado em fevereiro de 2021.<\/p>\n<h2>Rendimento dos trabalhadores<\/h2>\n<p>O rendimento m\u00e9dio real dos trabalhadores da ind\u00fastria caiu 0,1% entre janeiro e fevereiro de 2022. Na compara\u00e7\u00e3o com fevereiro de 2021, o rendimento do trabalhador teve, na m\u00e9dia, uma pequena alta, de 0,7%, enquanto a <a href=\"https:\/\/agenciabrasil.ebc.com.br\/economia\/noticia\/2022-03\/inflacao-oficial-sobe-para-101-em-fevereiro-diz-ibge#:~:text=Publicado%20em%2011%2F03%2F2022,01%25%20em%20fevereiro%20deste%20ano\" target=\"_blank\" rel=\"noopener\">infla\u00e7\u00e3o medida no per\u00edodo (12 meses), segundo o IBGE, ficou em 10,54%<\/a>.<\/p>\n<p>A massa salarial da ind\u00fastria de transforma\u00e7\u00e3o apresentou estabilidade no per\u00edodo janeiro-fevereiro de 2022. Na compara\u00e7\u00e3o com fevereiro de 2021, este \u00edndice registrou alta de 3,5%.<\/p>\n<h2>\u201cImobilidade preocupante\u201d<\/h2>\n<p>A Utiliza\u00e7\u00e3o da Capacidade Instalada (UCI) ficou est\u00e1vel registrando 81%. Na compara\u00e7\u00e3o com fevereiro de 2021, entretanto, registrou alta de 0,4 ponto percentual.<\/p>\n<p>Na avalia\u00e7\u00e3o do gerente de An\u00e1lise Econ\u00f4mica da CNI, Marcelo Azevedo, a \u201cimobilidade\u201d desses indicadores \u00e9 algo \u201cpreocupante para a atividade econ\u00f4mica\u201d. Segundo ele, o desempenho do setor industrial precisa melhorar para recuperar as quedas de 2021 e 2020. Os resultados, no entanto, n\u00e3o mostram que essa trajet\u00f3ria de recupera\u00e7\u00e3o era sustent\u00e1vel, complementou o economista.<\/p>\n","protected":false},"excerpt":{"rendered":"<p>De todos os \u00edndices analisados pela Confedera\u00e7\u00e3o Nacional da Ind\u00fastria (CNI) para a composi\u00e7\u00e3o dos Indicadores Industriais\u00a0de fevereiro, apenas o [&hellip;]<\/p>\n","protected":false},"author":1,"featured_media":31341,"comment_status":"open","ping_status":"open","sticky":false,"template":"","format":"standard","meta":{"footnotes":""},"categories":[344],"tags":[],"class_list":["post-31340","post","type-post","status-publish","format-standard","has-post-thumbnail","hentry","category-economia"],"_links":{"self":[{"href":"https:\/\/pageup-solutions.com\/sitenoticiasvc1\/wp-json\/wp\/v2\/posts\/31340","targetHints":{"allow":["GET"]}}],"collection":[{"href":"https:\/\/pageup-solutions.com\/sitenoticiasvc1\/wp-json\/wp\/v2\/posts"}],"about":[{"href":"https:\/\/pageup-solutions.com\/sitenoticiasvc1\/wp-json\/wp\/v2\/types\/post"}],"author":[{"embeddable":true,"href":"https:\/\/pageup-solutions.com\/sitenoticiasvc1\/wp-json\/wp\/v2\/users\/1"}],"replies":[{"embeddable":true,"href":"https:\/\/pageup-solutions.com\/sitenoticiasvc1\/wp-json\/wp\/v2\/comments?post=31340"}],"version-history":[{"count":1,"href":"https:\/\/pageup-solutions.com\/sitenoticiasvc1\/wp-json\/wp\/v2\/posts\/31340\/revisions"}],"predecessor-version":[{"id":31458,"href":"https:\/\/pageup-solutions.com\/sitenoticiasvc1\/wp-json\/wp\/v2\/posts\/31340\/revisions\/31458"}],"wp:featuredmedia":[{"embeddable":true,"href":"https:\/\/pageup-solutions.com\/sitenoticiasvc1\/wp-json\/wp\/v2\/media\/31341"}],"wp:attachment":[{"href":"https:\/\/pageup-solutions.com\/sitenoticiasvc1\/wp-json\/wp\/v2\/media?parent=31340"}],"wp:term":[{"taxonomy":"category","embeddable":true,"href":"https:\/\/pageup-solutions.com\/sitenoticiasvc1\/wp-json\/wp\/v2\/categories?post=31340"},{"taxonomy":"post_tag","embeddable":true,"href":"https:\/\/pageup-solutions.com\/sitenoticiasvc1\/wp-json\/wp\/v2\/tags?post=31340"}],"curies":[{"name":"wp","href":"https:\/\/api.w.org\/{rel}","templated":true}]}}