{"id":31348,"date":"2022-04-05T10:29:12","date_gmt":"2022-04-05T13:29:12","guid":{"rendered":"https:\/\/pageup-solutions.com\/sitenoticiasv14\/petrobras-encerra-marco-com-nivel-de-utilizacao-das-refinarias-em-91\/"},"modified":"2022-04-05T10:29:12","modified_gmt":"2022-04-05T13:29:12","slug":"petrobras-encerra-marco-com-nivel-de-utilizacao-das-refinarias-em-91","status":"publish","type":"post","link":"https:\/\/pageup-solutions.com\/sitenoticiasvc1\/petrobras-encerra-marco-com-nivel-de-utilizacao-das-refinarias-em-91\/","title":{"rendered":"Petrobras encerra mar\u00e7o com n\u00edvel de utiliza\u00e7\u00e3o das refinarias em 91%"},"content":{"rendered":"<p>A Petrobras informou\u00a0hoje\u00a0(4) que alcan\u00e7ou 91% de fator de utiliza\u00e7\u00e3o total do parque de refino na \u00faltima semana\u00a0de mar\u00e7o de 2022. A m\u00e9dia do fator de utiliza\u00e7\u00e3o considerando todo o m\u00eas foi de 89%.<img decoding=\"async\" src=\"https:\/\/pageup-solutions.com\/sitenoticiasvc1\/wp-content\/uploads\/ebc.png624c443a765d1.png?id=1452205&#038;o=rss\" style=\"width:1px;height:1px\" \/><img decoding=\"async\" src=\"https:\/\/pageup-solutions.com\/sitenoticiasvc1\/wp-content\/uploads\/ebc.gif624c443aa1ce8.png?id=1452205&#038;o=rss\" style=\"width:1px;height:1px\" \/><\/p>\n<p>Segundo a companhia, em 2021, o n\u00edvel m\u00e9dio de utiliza\u00e7\u00e3o das refinarias da Petrobras foi de 83%, maior \u00edndice dos \u00faltimos 5 anos.<\/p>\n<p>\u201cO fator de utiliza\u00e7\u00e3o total do refino considera o volume de carga de petr\u00f3leo efetivamente processado e a carga de refer\u00eancia das refinarias, ou seja, a capacidade m\u00e1xima de operar, respeitando os limites de projeto dos equipamentos, os requisitos de seguran\u00e7a,\u00a0de meio ambiente e de qualidade dos derivados produzidos, al\u00e9m da racionalidade econ\u00f4mica das decis\u00f5es de produ\u00e7\u00e3o, com foco em gera\u00e7\u00e3o de valor\u201d, informou a empresa.<\/p>\n<p>\u201cA defini\u00e7\u00e3o do n\u00edvel de utiliza\u00e7\u00e3o \u00e9 uma decis\u00e3o t\u00e9cnica e econ\u00f4mica, que leva em conta a demanda dos clientes da Petrobras, as alternativas globais de suprimento e pre\u00e7os de petr\u00f3leo e derivados, diferentes configura\u00e7\u00f5es e limites de opera\u00e7\u00e3o e a necessidade de paradas de manuten\u00e7\u00e3o das unidades de refino, entre outros fatores.\u00a0A Petrobras est\u00e1 produzindo o m\u00e1ximo poss\u00edvel dentro de condi\u00e7\u00f5es seguras, sustent\u00e1veis e econ\u00f4micas\u201d, disse, em nota, o diretor de Refino e G\u00e1s Natural da Petrobras, Rodrigo Costa.<\/p>\n<p>A Petrobras informou ainda que ir\u00e1 realizar investimentos de US$ 6,1 bilh\u00f5es em refino nos pr\u00f3ximos cinco anos, para expandir a capacidade de refino, a gera\u00e7\u00e3o de produtos de maior qualidade e posicionar suas refinarias entre as melhores do mundo em efici\u00eancia e desempenho operacional.<\/p>\n","protected":false},"excerpt":{"rendered":"<p>A Petrobras informou\u00a0hoje\u00a0(4) que alcan\u00e7ou 91% de fator de utiliza\u00e7\u00e3o total do parque de refino na \u00faltima semana\u00a0de mar\u00e7o de [&hellip;]<\/p>\n","protected":false},"author":1,"featured_media":31349,"comment_status":"open","ping_status":"open","sticky":false,"template":"","format":"standard","meta":{"footnotes":""},"categories":[344,350],"tags":[],"class_list":["post-31348","post","type-post","status-publish","format-standard","has-post-thumbnail","hentry","category-economia","category-geral"],"_links":{"self":[{"href":"https:\/\/pageup-solutions.com\/sitenoticiasvc1\/wp-json\/wp\/v2\/posts\/31348","targetHints":{"allow":["GET"]}}],"collection":[{"href":"https:\/\/pageup-solutions.com\/sitenoticiasvc1\/wp-json\/wp\/v2\/posts"}],"about":[{"href":"https:\/\/pageup-solutions.com\/sitenoticiasvc1\/wp-json\/wp\/v2\/types\/post"}],"author":[{"embeddable":true,"href":"https:\/\/pageup-solutions.com\/sitenoticiasvc1\/wp-json\/wp\/v2\/users\/1"}],"replies":[{"embeddable":true,"href":"https:\/\/pageup-solutions.com\/sitenoticiasvc1\/wp-json\/wp\/v2\/comments?post=31348"}],"version-history":[{"count":0,"href":"https:\/\/pageup-solutions.com\/sitenoticiasvc1\/wp-json\/wp\/v2\/posts\/31348\/revisions"}],"wp:featuredmedia":[{"embeddable":true,"href":"https:\/\/pageup-solutions.com\/sitenoticiasvc1\/wp-json\/wp\/v2\/media\/31349"}],"wp:attachment":[{"href":"https:\/\/pageup-solutions.com\/sitenoticiasvc1\/wp-json\/wp\/v2\/media?parent=31348"}],"wp:term":[{"taxonomy":"category","embeddable":true,"href":"https:\/\/pageup-solutions.com\/sitenoticiasvc1\/wp-json\/wp\/v2\/categories?post=31348"},{"taxonomy":"post_tag","embeddable":true,"href":"https:\/\/pageup-solutions.com\/sitenoticiasvc1\/wp-json\/wp\/v2\/tags?post=31348"}],"curies":[{"name":"wp","href":"https:\/\/api.w.org\/{rel}","templated":true}]}}