{"id":31360,"date":"2022-08-08T10:59:16","date_gmt":"2022-08-08T13:59:16","guid":{"rendered":"https:\/\/pageup-solutions.com\/sitenoticiasv14\/vera-lucia-do-pstu-registra-de-candidatura-a-presidencia-no-tse\/"},"modified":"2022-08-08T14:29:46","modified_gmt":"2022-08-08T17:29:46","slug":"vera-lucia-do-pstu-registra-de-candidatura-a-presidencia-no-tse","status":"publish","type":"post","link":"https:\/\/pageup-solutions.com\/sitenoticiasvc1\/vera-lucia-do-pstu-registra-de-candidatura-a-presidencia-no-tse\/","title":{"rendered":"Vera L\u00facia, do PSTU, registra de candidatura \u00e0 Presid\u00eancia no TSE"},"content":{"rendered":"<div>\n<p>O Tribunal Superior Eleitoral (TSE) recebeu ontem (6) o pedido de registro de candidatura da oper\u00e1ria Vera L\u00facia, do PSTU,\u00a0\u00e0 presid\u00eancia da Rep\u00fablica. A candidata \u00e0 vice-presid\u00eancia \u00e9 a ind\u00edgena Raquel Trememb\u00e9.<img decoding=\"async\" src=\"https:\/\/pageup-solutions.com\/sitenoticiasvc1\/wp-content\/uploads\/ebc-6.png?id=1475043&#038;o=node\"><\/img><img decoding=\"async\" src=\"https:\/\/pageup-solutions.com\/sitenoticiasvc1\/wp-content\/uploads\/ebc-7.png?id=1475043&#038;o=node\"><\/img><\/p>\n<p>No pedido de registro, Vera declarou dep\u00f3sito de R$ 8,8 mil em poupan\u00e7a como \u00fanico item da lista de bens. De acordo com informa\u00e7\u00f5es do site do TSE, ainda n\u00e3o houve cadastramento da lista de bens de Raquel.<\/p>\n<p>A candidatura do PSTU n\u00e3o tem coliga\u00e7\u00f5es e o partido n\u00e3o participa de nenhuma federa\u00e7\u00e3o partid\u00e1ria.<\/p>\n<p>Conforme proposta de governo enviada ao TSE, a chapa do PSTU defende uma \u201calternativa socialista \u00e0 barb\u00e1rie promovida pelo capitalismo\u201d.<\/p>\n<p>O pedido de registro de candidatura na Justi\u00e7a Eleitoral \u00e9 o primeiro passo para a oficializa\u00e7\u00e3o dos nomes dos candidatos que foram aprovados nas conven\u00e7\u00f5es partid\u00e1rias e pretendem concorrer \u00e0s elei\u00e7\u00f5es de outubro.<\/p>\n<p>Oficialmente, a campanha eleitoral, quando os candidatos podem efetivamente pedir votos e divulgar seus n\u00fameros, come\u00e7a no dia 16 de agosto. O registro no TSE e nos Tribunais Regionais Eleitorais (TREs) deve ser feito at\u00e9 o dia 15 de agosto.<\/p>\n<\/p><\/div>\n","protected":false},"excerpt":{"rendered":"<p>O Tribunal Superior Eleitoral (TSE) recebeu ontem (6) o pedido de registro de candidatura da oper\u00e1ria Vera L\u00facia, do PSTU,\u00a0\u00e0 [&hellip;]<\/p>\n","protected":false},"author":1,"featured_media":31361,"comment_status":"closed","ping_status":"closed","sticky":false,"template":"","format":"standard","meta":{"footnotes":""},"categories":[346],"tags":[392,393,434,444,448,471],"class_list":["post-31360","post","type-post","status-publish","format-standard","has-post-thumbnail","hentry","category-eleicoes-2022","tag-eleicoes","tag-eleicoes-2022","tag-politica","tag-pstu","tag-registro-de-candidaturas","tag-vera-lucia"],"_links":{"self":[{"href":"https:\/\/pageup-solutions.com\/sitenoticiasvc1\/wp-json\/wp\/v2\/posts\/31360","targetHints":{"allow":["GET"]}}],"collection":[{"href":"https:\/\/pageup-solutions.com\/sitenoticiasvc1\/wp-json\/wp\/v2\/posts"}],"about":[{"href":"https:\/\/pageup-solutions.com\/sitenoticiasvc1\/wp-json\/wp\/v2\/types\/post"}],"author":[{"embeddable":true,"href":"https:\/\/pageup-solutions.com\/sitenoticiasvc1\/wp-json\/wp\/v2\/users\/1"}],"replies":[{"embeddable":true,"href":"https:\/\/pageup-solutions.com\/sitenoticiasvc1\/wp-json\/wp\/v2\/comments?post=31360"}],"version-history":[{"count":1,"href":"https:\/\/pageup-solutions.com\/sitenoticiasvc1\/wp-json\/wp\/v2\/posts\/31360\/revisions"}],"predecessor-version":[{"id":31448,"href":"https:\/\/pageup-solutions.com\/sitenoticiasvc1\/wp-json\/wp\/v2\/posts\/31360\/revisions\/31448"}],"wp:featuredmedia":[{"embeddable":true,"href":"https:\/\/pageup-solutions.com\/sitenoticiasvc1\/wp-json\/wp\/v2\/media\/31361"}],"wp:attachment":[{"href":"https:\/\/pageup-solutions.com\/sitenoticiasvc1\/wp-json\/wp\/v2\/media?parent=31360"}],"wp:term":[{"taxonomy":"category","embeddable":true,"href":"https:\/\/pageup-solutions.com\/sitenoticiasvc1\/wp-json\/wp\/v2\/categories?post=31360"},{"taxonomy":"post_tag","embeddable":true,"href":"https:\/\/pageup-solutions.com\/sitenoticiasvc1\/wp-json\/wp\/v2\/tags?post=31360"}],"curies":[{"name":"wp","href":"https:\/\/api.w.org\/{rel}","templated":true}]}}