{"id":31364,"date":"2022-08-08T10:59:15","date_gmt":"2022-08-08T13:59:15","guid":{"rendered":"https:\/\/pageup-solutions.com\/sitenoticiasv14\/simone-tebet-registra-candidatura-a-presidencia-no-tse\/"},"modified":"2022-08-08T14:25:53","modified_gmt":"2022-08-08T17:25:53","slug":"simone-tebet-registra-candidatura-a-presidencia-no-tse","status":"publish","type":"post","link":"https:\/\/pageup-solutions.com\/sitenoticiasvc1\/simone-tebet-registra-candidatura-a-presidencia-no-tse\/","title":{"rendered":"Simone Tebet registra candidatura \u00e0 Presid\u00eancia no TSE"},"content":{"rendered":"<div>\n<p>O Tribunal Superior Eleitoral (TSE) recebeu ontem (6) o pedido de registro de candidatura da senadora Simone Tebet (MDB-MS) \u00e0 presid\u00eancia da Rep\u00fablica. A chapa tamb\u00e9m \u00e9 composta pela senadora Mara Gabrilli (PSDB-SP), candidata \u00e0 vice-presid\u00eancia.<img decoding=\"async\" src=\"https:\/\/pageup-solutions.com\/sitenoticiasvc1\/wp-content\/uploads\/ebc.png62f116c1f146e.png?id=1475035&#038;o=node\"><\/img><img decoding=\"async\" src=\"https:\/\/pageup-solutions.com\/sitenoticiasvc1\/wp-content\/uploads\/ebc.gif62f116c22c31c.png?id=1475035&#038;o=node\"><\/img><\/p>\n<p>No pedido de registro, Tebet declarou possuir bens declarados no valor de R$ 2,3 milh\u00f5es, entre im\u00f3veis e dep\u00f3sito em conta banc\u00e1ria. A lista de bens de Mara Gabrilli soma R$ 12,8 milh\u00f5es, entre im\u00f3veis e investimentos financeiros.\u00a0<\/p>\n<p>As candidaturas ser\u00e3o apoiadas pela federa\u00e7\u00e3o partid\u00e1ria PSDB-Cidadania e o Podemos.\u00a0<\/p>\n<p>O pedido de registro de candidatura na Justi\u00e7a Eleitoral \u00e9 o primeiro passo para a oficializa\u00e7\u00e3o dos nomes dos candidatos que foram aprovados nas conven\u00e7\u00f5es partid\u00e1rias e pretendem concorrer \u00e0s elei\u00e7\u00f5es de outubro.<\/p>\n<p>Oficialmente, a campanha eleitoral, quando os candidatos podem efetivamente pedir votos e divulgar seus n\u00fameros, come\u00e7a no dia 16 de agosto. O registro no TSE e nos Tribunais Regionais Eleitorais (TREs) deve ser feito at\u00e9 o dia 15 de agosto.<\/p>\n<\/p><\/div>\n","protected":false},"excerpt":{"rendered":"<p>O Tribunal Superior Eleitoral (TSE) recebeu ontem (6) o pedido de registro de candidatura da senadora Simone Tebet (MDB-MS) \u00e0 [&hellip;]<\/p>\n","protected":false},"author":1,"featured_media":31365,"comment_status":"closed","ping_status":"closed","sticky":false,"template":"","format":"standard","meta":{"footnotes":""},"categories":[346],"tags":[392,393,417,434,449,464,468],"class_list":["post-31364","post","type-post","status-publish","format-standard","has-post-thumbnail","hentry","category-eleicoes-2022","tag-eleicoes","tag-eleicoes-2022","tag-mdb","tag-politica","tag-registro-eleitoral","tag-simone-tebet","tag-tse"],"_links":{"self":[{"href":"https:\/\/pageup-solutions.com\/sitenoticiasvc1\/wp-json\/wp\/v2\/posts\/31364","targetHints":{"allow":["GET"]}}],"collection":[{"href":"https:\/\/pageup-solutions.com\/sitenoticiasvc1\/wp-json\/wp\/v2\/posts"}],"about":[{"href":"https:\/\/pageup-solutions.com\/sitenoticiasvc1\/wp-json\/wp\/v2\/types\/post"}],"author":[{"embeddable":true,"href":"https:\/\/pageup-solutions.com\/sitenoticiasvc1\/wp-json\/wp\/v2\/users\/1"}],"replies":[{"embeddable":true,"href":"https:\/\/pageup-solutions.com\/sitenoticiasvc1\/wp-json\/wp\/v2\/comments?post=31364"}],"version-history":[{"count":1,"href":"https:\/\/pageup-solutions.com\/sitenoticiasvc1\/wp-json\/wp\/v2\/posts\/31364\/revisions"}],"predecessor-version":[{"id":31449,"href":"https:\/\/pageup-solutions.com\/sitenoticiasvc1\/wp-json\/wp\/v2\/posts\/31364\/revisions\/31449"}],"wp:featuredmedia":[{"embeddable":true,"href":"https:\/\/pageup-solutions.com\/sitenoticiasvc1\/wp-json\/wp\/v2\/media\/31365"}],"wp:attachment":[{"href":"https:\/\/pageup-solutions.com\/sitenoticiasvc1\/wp-json\/wp\/v2\/media?parent=31364"}],"wp:term":[{"taxonomy":"category","embeddable":true,"href":"https:\/\/pageup-solutions.com\/sitenoticiasvc1\/wp-json\/wp\/v2\/categories?post=31364"},{"taxonomy":"post_tag","embeddable":true,"href":"https:\/\/pageup-solutions.com\/sitenoticiasvc1\/wp-json\/wp\/v2\/tags?post=31364"}],"curies":[{"name":"wp","href":"https:\/\/api.w.org\/{rel}","templated":true}]}}