{"id":31368,"date":"2022-08-08T10:59:14","date_gmt":"2022-08-08T13:59:14","guid":{"rendered":"https:\/\/pageup-solutions.com\/sitenoticiasv14\/numero-de-eleitores-que-declaram-ter-deficiencia-cresce-35-diz-tse\/"},"modified":"2022-08-08T14:26:16","modified_gmt":"2022-08-08T17:26:16","slug":"numero-de-eleitores-que-declaram-ter-deficiencia-cresce-35-diz-tse","status":"publish","type":"post","link":"https:\/\/pageup-solutions.com\/sitenoticiasvc1\/numero-de-eleitores-que-declaram-ter-deficiencia-cresce-35-diz-tse\/","title":{"rendered":"N\u00famero de eleitores que declaram ter defici\u00eancia cresce 35%, diz TSE"},"content":{"rendered":"<div>\n<p>O total de eleitores que declaram ter algum tipo de defici\u00eancia ou mobilidade reduzida aumentou 35,27% em quatro anos, passando de 939.915 para 1.271.381, segundo o perfil do eleitorado divulgado pelo Tribunal Superior Eleitoral (TSE), em Bras\u00edlia. Segundo a Justi\u00e7a Eleitoral, mais de 156 milh\u00f5es de pessoas est\u00e3o aptas a votar nas Elei\u00e7\u00f5es 2022.<img decoding=\"async\" src=\"https:\/\/pageup-solutions.com\/sitenoticiasvc1\/wp-content\/uploads\/ebc.png62f116c838d9e.png?id=1474453&#038;o=node\"><\/img><img decoding=\"async\" src=\"https:\/\/pageup-solutions.com\/sitenoticiasvc1\/wp-content\/uploads\/ebc.gif62f116c868f6c.png?id=1474453&#038;o=node\"><\/img><\/p>\n<p>Entre os mais de 1,2 milh\u00e3o de eleitores com necessidades especiais, 30,47% declararam ter algum tipo de defici\u00eancia de locomo\u00e7\u00e3o, 13,3% visual e 7,97% auditiva. A fim de melhor atender essa parcela de eleitores, a Justi\u00e7a Eleitoral implantou \u201cdiversos mecanismos que asseguram a essas pessoas a possibilidade de votar em locais com maior acessibilidade\u201d.<\/p>\n<p>No entanto, para acessar esses mecanismos \u00e9 necess\u00e1rio que o interessado fa\u00e7a uma solicita\u00e7\u00e3o junto ao cart\u00f3rio eleitoral \u201cem tempo h\u00e1bil\u201d.<\/p>\n<p>\u201cA eleitora e o eleitor nessa situa\u00e7\u00e3o t\u00eam prazo at\u00e9 o dia 18 de agosto para solicitar a transfer\u00eancia para uma se\u00e7\u00e3o com maior acessibilidade. As se\u00e7\u00f5es especiais s\u00e3o espa\u00e7os adaptados pela Justi\u00e7a Eleitoral que oferecem f\u00e1cil acesso e maior comodidade e seguran\u00e7a no momento do voto\u201d, informou o TSE.<\/p>\n<p>O requerimento pode ser feito em qualquer cart\u00f3rio eleitoral pela pr\u00f3pria pessoa interessada, munida de documento oficial com foto, ou por meio de curador, apoiador ou procurador.<\/p>\n<h2>Novos recursos<\/h2>\n<p>O TSE disse que aprimorou alguns dos <em>softwares<\/em> j\u00e1 existentes e que instalou \u201cnovos recursos de acessibilidade\u201d nas urnas eletr\u00f4nicas a serem utilizadas nestas elei\u00e7\u00f5es de 2022. Entre os novos recursos est\u00e3o equipamentos que fazem tradu\u00e7\u00e3o para a L\u00edngua Brasileira de Sinais (Libras).<\/p>\n<p>\u201cAl\u00e9m disso, um v\u00eddeo feito por uma int\u00e9rprete de Libras ser\u00e1 apresentado em todas as 577.125 urnas eletr\u00f4nicas preparadas para o pleito, indicando para eleitoras e eleitores qual cargo est\u00e1 em vota\u00e7\u00e3o no momento, nesta sequ\u00eancia: deputado federal, deputado estadual ou distrital, senador, governador e presidente da Rep\u00fablica\u201d, acrescentou o tribunal.<\/p>\n<p>Ser\u00e3o tamb\u00e9m disponibilizados nas se\u00e7\u00f5es eleitorais fones de ouvido para ajudar eleitoras e eleitores cegos ou com baixa vis\u00e3o. Sinais sonoros indicar\u00e3o o n\u00famero escolhido e ser\u00e1 dado um retorno com o nome da candidata ou do candidato, por meio de voz sintetizada.<\/p>\n<\/p><\/div>\n","protected":false},"excerpt":{"rendered":"<p>O total de eleitores que declaram ter algum tipo de defici\u00eancia ou mobilidade reduzida aumentou 35,27% em quatro anos, passando [&hellip;]<\/p>\n","protected":false},"author":1,"featured_media":31369,"comment_status":"closed","ping_status":"closed","sticky":false,"template":"","format":"standard","meta":{"footnotes":""},"categories":[354],"tags":[389,393,395,434,468],"class_list":["post-31368","post","type-post","status-publish","format-standard","has-post-thumbnail","hentry","category-politica","tag-deficiencia","tag-eleicoes-2022","tag-eleitores","tag-politica","tag-tse"],"_links":{"self":[{"href":"https:\/\/pageup-solutions.com\/sitenoticiasvc1\/wp-json\/wp\/v2\/posts\/31368","targetHints":{"allow":["GET"]}}],"collection":[{"href":"https:\/\/pageup-solutions.com\/sitenoticiasvc1\/wp-json\/wp\/v2\/posts"}],"about":[{"href":"https:\/\/pageup-solutions.com\/sitenoticiasvc1\/wp-json\/wp\/v2\/types\/post"}],"author":[{"embeddable":true,"href":"https:\/\/pageup-solutions.com\/sitenoticiasvc1\/wp-json\/wp\/v2\/users\/1"}],"replies":[{"embeddable":true,"href":"https:\/\/pageup-solutions.com\/sitenoticiasvc1\/wp-json\/wp\/v2\/comments?post=31368"}],"version-history":[{"count":1,"href":"https:\/\/pageup-solutions.com\/sitenoticiasvc1\/wp-json\/wp\/v2\/posts\/31368\/revisions"}],"predecessor-version":[{"id":31456,"href":"https:\/\/pageup-solutions.com\/sitenoticiasvc1\/wp-json\/wp\/v2\/posts\/31368\/revisions\/31456"}],"wp:featuredmedia":[{"embeddable":true,"href":"https:\/\/pageup-solutions.com\/sitenoticiasvc1\/wp-json\/wp\/v2\/media\/31369"}],"wp:attachment":[{"href":"https:\/\/pageup-solutions.com\/sitenoticiasvc1\/wp-json\/wp\/v2\/media?parent=31368"}],"wp:term":[{"taxonomy":"category","embeddable":true,"href":"https:\/\/pageup-solutions.com\/sitenoticiasvc1\/wp-json\/wp\/v2\/categories?post=31368"},{"taxonomy":"post_tag","embeddable":true,"href":"https:\/\/pageup-solutions.com\/sitenoticiasvc1\/wp-json\/wp\/v2\/tags?post=31368"}],"curies":[{"name":"wp","href":"https:\/\/api.w.org\/{rel}","templated":true}]}}