{"id":31372,"date":"2022-08-08T10:59:13","date_gmt":"2022-08-08T13:59:13","guid":{"rendered":"https:\/\/pageup-solutions.com\/sitenoticiasv14\/chapa-lula-alckmin-registra-candidatura-no-tse\/"},"modified":"2022-08-08T14:26:30","modified_gmt":"2022-08-08T17:26:30","slug":"chapa-lula-alckmin-registra-candidatura-no-tse","status":"publish","type":"post","link":"https:\/\/pageup-solutions.com\/sitenoticiasvc1\/chapa-lula-alckmin-registra-candidatura-no-tse\/","title":{"rendered":"Chapa Lula-Alckmin registra candidatura no TSE"},"content":{"rendered":"<div>\n<p>A candidatura \u00e0 presid\u00eancia do ex-presidente Luiz In\u00e1cio Lula da Silva, que conta com o ex-governador paulista Geraldo Alckmin na vice, foi formalmente registrada perante o Tribunal Superior Eleitoral (TSE) neste s\u00e1bado (6).<img decoding=\"async\" src=\"https:\/\/pageup-solutions.com\/sitenoticiasvc1\/wp-content\/uploads\/ebc.png62f116d6bfdf7.png?id=1475010&amp;o=node\" \/><img decoding=\"async\" src=\"https:\/\/pageup-solutions.com\/sitenoticiasvc1\/wp-content\/uploads\/ebc.gif62f116d6f120f.png?id=1475010&amp;o=node\" \/><\/p>\n<p>De acordo com a assessoria de Lula, o registro da candidatura foi feito pela representante da coliga\u00e7\u00e3o, a deputada federal Gleisi Hoffmann (PR) &#8211; presidente nacional do PT &#8211; e pelos escrit\u00f3rios Arag\u00e3o e Ferraro Advogados e Zanin Martins Advogados.<\/p>\n<p>Lula e Alckmin ser\u00e3o candidatos pela Coliga\u00e7\u00e3o Brasil da Esperan\u00e7a, composta pela federa\u00e7\u00e3o PT-PV-PCdoB, pela federa\u00e7\u00e3o PSOL-REDE, pelo PSB, pelo Solidariedade, pelo Avante e pelo Agir. Ao todo, nove partidos integram a coliga\u00e7\u00e3o, que ser\u00e1 a maior entre todas em disputa e, por isso, tamb\u00e9m deve contar com o maior tempo de campanha em rede nacional de r\u00e1dio e televis\u00e3o.<\/p>\n<p>Oficialmente, a campanha eleitoral, quando os candidatos podem efetivamente pedir votos e divulgar seus n\u00fameros, come\u00e7a no dia 16 de agosto. O registro no TSE e nos Tribunais Regionais Eleitorais (TREs) deve ser feito at\u00e9 o dia 15 de agosto<\/p>\n<\/div>\n","protected":false},"excerpt":{"rendered":"<p>A candidatura \u00e0 presid\u00eancia do ex-presidente Luiz In\u00e1cio Lula da Silva, que conta com o ex-governador paulista Geraldo Alckmin na [&hellip;]<\/p>\n","protected":false},"author":1,"featured_media":31373,"comment_status":"closed","ping_status":"closed","sticky":false,"template":"","format":"standard","meta":{"footnotes":""},"categories":[346],"tags":[392,393,413,414,434,445,447],"class_list":["post-31372","post","type-post","status-publish","format-standard","has-post-thumbnail","hentry","category-eleicoes-2022","tag-eleicoes","tag-eleicoes-2022","tag-lula","tag-lula-alckmin","tag-politica","tag-pt","tag-registro-de-candidatura"],"_links":{"self":[{"href":"https:\/\/pageup-solutions.com\/sitenoticiasvc1\/wp-json\/wp\/v2\/posts\/31372","targetHints":{"allow":["GET"]}}],"collection":[{"href":"https:\/\/pageup-solutions.com\/sitenoticiasvc1\/wp-json\/wp\/v2\/posts"}],"about":[{"href":"https:\/\/pageup-solutions.com\/sitenoticiasvc1\/wp-json\/wp\/v2\/types\/post"}],"author":[{"embeddable":true,"href":"https:\/\/pageup-solutions.com\/sitenoticiasvc1\/wp-json\/wp\/v2\/users\/1"}],"replies":[{"embeddable":true,"href":"https:\/\/pageup-solutions.com\/sitenoticiasvc1\/wp-json\/wp\/v2\/comments?post=31372"}],"version-history":[{"count":1,"href":"https:\/\/pageup-solutions.com\/sitenoticiasvc1\/wp-json\/wp\/v2\/posts\/31372\/revisions"}],"predecessor-version":[{"id":31450,"href":"https:\/\/pageup-solutions.com\/sitenoticiasvc1\/wp-json\/wp\/v2\/posts\/31372\/revisions\/31450"}],"wp:featuredmedia":[{"embeddable":true,"href":"https:\/\/pageup-solutions.com\/sitenoticiasvc1\/wp-json\/wp\/v2\/media\/31373"}],"wp:attachment":[{"href":"https:\/\/pageup-solutions.com\/sitenoticiasvc1\/wp-json\/wp\/v2\/media?parent=31372"}],"wp:term":[{"taxonomy":"category","embeddable":true,"href":"https:\/\/pageup-solutions.com\/sitenoticiasvc1\/wp-json\/wp\/v2\/categories?post=31372"},{"taxonomy":"post_tag","embeddable":true,"href":"https:\/\/pageup-solutions.com\/sitenoticiasvc1\/wp-json\/wp\/v2\/tags?post=31372"}],"curies":[{"name":"wp","href":"https:\/\/api.w.org\/{rel}","templated":true}]}}