{"id":31376,"date":"2022-08-08T10:59:12","date_gmt":"2022-08-08T13:59:12","guid":{"rendered":"https:\/\/pageup-solutions.com\/sitenoticiasv14\/mais-de-23-milhoes-de-eleitores-estao-aptos-a-votar-voluntariamente\/"},"modified":"2022-08-08T14:30:03","modified_gmt":"2022-08-08T17:30:03","slug":"mais-de-23-milhoes-de-eleitores-estao-aptos-a-votar-voluntariamente","status":"publish","type":"post","link":"https:\/\/pageup-solutions.com\/sitenoticiasvc1\/mais-de-23-milhoes-de-eleitores-estao-aptos-a-votar-voluntariamente\/","title":{"rendered":"Mais de 23 milh\u00f5es de eleitores est\u00e3o aptos a votar voluntariamente"},"content":{"rendered":"<div>\n<p>Mais de 156,45 milh\u00f5es de pessoas est\u00e3o aptas a votar no pr\u00f3ximo dia 2 de outubro, quando os brasileiros come\u00e7ar\u00e3o a escolher o pr\u00f3ximo presidente da Rep\u00fablica, al\u00e9m dos futuros governadores, senadores e deputados federais, estaduais e distritais. Neste universo heterog\u00eaneo de cidad\u00e3os, ao menos 23,34 milh\u00f5es de eleitores e eleitoras atender\u00e3o ao compromisso c\u00edvico por vontade pr\u00f3pria, j\u00e1 que n\u00e3o s\u00e3o obrigados a votar.<img decoding=\"async\" src=\"https:\/\/pageup-solutions.com\/sitenoticiasvc1\/wp-content\/uploads\/ebc.png62f116e13adbd.png?id=1474789&#038;o=node\"><\/img><img decoding=\"async\" src=\"https:\/\/pageup-solutions.com\/sitenoticiasvc1\/wp-content\/uploads\/ebc.gif62f116e16a192.png?id=1474789&#038;o=node\"><\/img><\/p>\n<p>A Constitui\u00e7\u00e3o Federal estabelece o voto facultativo, ou seja, opcional, para os jovens de 16 e 17 anos de idade; pessoas com 70 anos ou mais e tamb\u00e9m para analfabetos. S\u00f3 os eleitores que declaram n\u00e3o saber ler, nem escrever, ultrapassam os 6,33 milh\u00f5es de pessoas, segundo dados do <a href=\"https:\/\/sig.tse.jus.br\/ords\/dwapr\/seai\/r\/sig-eleicao-eleitorado\/faixa-et%C3%A1ria?session=14264135007586\" target=\"_blank\" rel=\"noopener\">Tribunal Superior Eleitoral<\/a> (TSE). Um n\u00famero que representa cerca de 4% de todas as pessoas em condi\u00e7\u00f5es legais de votar.<\/p>\n<p>A diarista Maria S\u00f4nia Ribeiro da Silva, 50 anos, \u00e9 uma dessas pessoas. Ainda que, a rigor, sua participa\u00e7\u00e3o nos pleitos anteriores n\u00e3o tenha sido exatamente espont\u00e2nea. \u201cAt\u00e9 hoje, eu n\u00e3o sabia que n\u00e3o era obrigada a votar\u201d, reagiu a diarista ao ser informada, pela reportagem, que, na condi\u00e7\u00e3o de analfabeta, n\u00e3o teria sofrido san\u00e7\u00f5es caso tivesse deixado de votar em elei\u00e7\u00f5es passadas. Abolido em 1881, o direito dos analfabetos ao voto s\u00f3 foi restitu\u00eddo em 1985, por meio de uma <a href=\"http:\/\/www.planalto.gov.br\/ccivil_03\/constituicao\/emendas\/emc_anterior1988\/emc25-85.htm\" target=\"_blank\" rel=\"noopener\">Emenda Constitucional<\/a> que garantiu a uma parcela da popula\u00e7\u00e3o que, \u00e0 \u00e9poca, era ainda maior, o direito a ajudar a escolher seus representantes pol\u00edticos.<\/p>\n<p>\u201cEu votava porque achava que era o jeito. Que perderia o t\u00edtulo de eleitor, pagaria multa, caso n\u00e3o comparecesse. At\u00e9 falei com meu marido que, se n\u00e3o fosse obrigat\u00f3rio, eu n\u00e3o votaria mais, porque \u00e9 sempre a mesma coisa, as mesmas promessas. Por outro lado, tamb\u00e9m acho importante a gente participar, tentarmos fazer com que o pa\u00eds melhore. Tanto que, agora, sabendo que n\u00e3o sou obrigada, acho que vou repensar e, talvez, continuar indo votar\u201d, destacou a diarista, explicando que costuma se informar sobre pol\u00edtica pelos telejornais e conversando com parentes e amigos e na hora de votar, leva consigo uma \u201ccola\u201d com o n\u00famero dos seus candidatos.<\/p>\n<p>De acordo com o \u00faltimo censo populacional realizado pelo Instituto Brasileiro de Geografia e Estat\u00edstica (IBGE), em 2010, a taxa de analfabetismo entre a popula\u00e7\u00e3o de 15 anos ou mais tinha ca\u00eddo de 13,63%, em 2000, para 9,6%, totalizando 13.933.173 em 2010. Pelos dados disponibilizados pelo TSE, este ano, o maior n\u00famero de eleitores que se autodeclararam analfabetos no momento do alistamento eleitoral tem entre 70 a 74 anos de idade, superando as 730 mil pessoas.<\/p>\n<h2>Jovens e Idosos<\/h2>\n<p>Al\u00e9m dos analfabetos, h\u00e1, entre os dito eleitores espont\u00e2neos, 815.063 pessoas com 16 anos de idade e outros 1.301.718 que j\u00e1 completaram 17 anos. Juntos, os dois grupos somam 2.116.781 eleitores. Um n\u00famero cerca de 50% superior aos 1.400.617 registrados em 2018.<\/p>\n<p>J\u00e1 o total de eleitores e eleitoras com mais de 70 anos de idade aumentou de 12,02 milh\u00f5es, em 2018, para 14.893.281, em 2022. Destes, 184.438 t\u00eam mais de 100 anos &#8211; dentre os quais, 45,4 mil n\u00e3o sabem ler ou escrever.<\/p>\n<p>Favor\u00e1vel \u00e0 tese de que o voto deveria deixar de ser obrigat\u00f3rio e passar a ser facultativo para toda a popula\u00e7\u00e3o brasileira, o cientista pol\u00edtico Antonio Lavareda acredita que o crescente n\u00famero de pessoas votando sem ser obrigadas indicam um \u201cmaior n\u00edvel de consci\u00eancia c\u00edvica\u201d e de interesse pela pol\u00edtica.<\/p>\n<p>\u201cAs pesquisas t\u00eam demonstrado que as pessoas v\u00eam manifestando um inusual grau de interesse pela pol\u00edtica, mais especificamente pelo pleito deste ano. O que pode ser um indicador de que a participa\u00e7\u00e3o eleitoral pode vir a ser maior que na elei\u00e7\u00e3o de 2018, quando a <a href=\"https:\/\/agenciabrasil.ebc.com.br\/politica\/noticia\/2018-10\/taxa-de-abstencao-na-eleicao-presidencial-e-maior-desde-1998\" target=\"_blank\" rel=\"noopener\">absten\u00e7\u00e3o superou<\/a> os 30 milh\u00f5es de eleitores\u201d, disse Lavareda \u00e0 <strong>Ag\u00eancia Brasil<\/strong>.<\/p>\n<p>\u201cO crescimento do n\u00famero de eleitores com 70 anos ou mais e de jovens com 16 e 17 anos acompanha o manifesto interesse do restante da popula\u00e7\u00e3o pelo pleito deste ano. E ser\u00e1 muito bom para o processo democr\u00e1tico se a aliena\u00e7\u00e3o eleitoral registrada na \u00faltima elei\u00e7\u00e3o for menor\u201d, acrescentou o cientista pol\u00edtico ao pontuar que, apesar das poucas pesquisas acad\u00eamicas sobre os eleitores espont\u00e2neos, \u00e9 poss\u00edvel afirmar que, confirmada a hip\u00f3tese deles serem mais interessados, tendem a ser mais \u201cideologizados\u201d, tendo prefer\u00eancias mais \u201carticuladas e consolidadas\u201d. \u201cCom isso, quem tende a ser menos beneficiado por estes votos s\u00e3o os candidatos situados mais ao centro do espectro pol\u00edtico ideol\u00f3gico\u201d.<\/p>\n<p>Professora e pesquisadora do Centro de Estudos de Opini\u00e3o P\u00fablica (Cesop), da Universidade Estadual de Campinas (Unicamp), a tamb\u00e9m cientista pol\u00edtica Rachel Meneguello considera que a motiva\u00e7\u00e3o para o voto espont\u00e2neo est\u00e1 associada ao interesse pela pol\u00edtica e \u00e0 percep\u00e7\u00e3o da import\u00e2ncia de que, em uma democracia representativa como a brasileira, os cidad\u00e3os devem assumir a responsabilidade de ajudar a escolher seus l\u00edderes pol\u00edticos.<\/p>\n<p>\u201cAs pesquisas mostram que, nos \u00faltimos 20 anos, se o voto n\u00e3o fosse obrigat\u00f3rio, n\u00e3o menos que 40% dos eleitores iriam votar. Ainda assim, o eleitorado entende o ato de votar como um ato c\u00edvico que faz parte de sua vida pol\u00edtica \u2013 a ponto de, na redemocratiza\u00e7\u00e3o, ap\u00f3s a ditadura militar, [o direito a] votar para presidente em elei\u00e7\u00f5es diretas ter sido um dos pontos centrais das campanhas que envolveram grande parte da popula\u00e7\u00e3o\u201d, destacou Rachel.<\/p>\n<p>De acordo com a cientista pol\u00edtica, as pesquisas existentes indicam que a maioria dos eleitores que votam por vontade pr\u00f3pria possuem maiores escolaridade e renda m\u00e9dia, mas tamb\u00e9m exigem campanhas p\u00fablicas espec\u00edficas.\u00a0<\/p>\n<p>\u201cO acesso \u00e0 informa\u00e7\u00e3o geral e \u00e0 informa\u00e7\u00e3o pol\u00edtica \u00e9 um fator central para a mobiliza\u00e7\u00e3o pol\u00edtica e esses grupos [no geral] t\u00eam maior acesso, contudo, dependem mais de campanhas espec\u00edficas. Neste ano, por exemplo, vimos a campanha do TSE destinada a estimular o envolvimento dos mais jovens\u201d, frisou Rachel, que tamb\u00e9m espera uma menor absten\u00e7\u00e3o eleitoral para este ano, mas ao contr\u00e1rio de Lavareda, defende a manuten\u00e7\u00e3o do voto obrigat\u00f3rio para os demais eleitores.<\/p>\n<p>\u201cEntendo o voto obrigat\u00f3rio como um dever c\u00edvico muito positivo. O eleitor deve praticar a responsabilidade pela escolha dos representantes que votam por ele no Congresso, assembleias ou c\u00e2maras municipais.\u00a0 O que pode ser aperfei\u00e7oado no caso brasileiro \u00e9 a organiza\u00e7\u00e3o do sistema partid\u00e1rio, de forma que os partidos de fato consigam organizar a informa\u00e7\u00e3o pol\u00edtica para os eleitores, pois sabemos que a m\u00e9dia do eleitoral tem dificuldades em localizar-se no sistema de partidos e definir as escolhas de deputados federais, estaduais e senadores em um sistema partid\u00e1rio fragmentado como \u00e9 o sistema brasileiro\u201d, explicou.<\/p>\n<\/p><\/div>\n","protected":false},"excerpt":{"rendered":"<p>Mais de 156,45 milh\u00f5es de pessoas est\u00e3o aptas a votar no pr\u00f3ximo dia 2 de outubro, quando os brasileiros come\u00e7ar\u00e3o [&hellip;]<\/p>\n","protected":false},"author":1,"featured_media":31377,"comment_status":"closed","ping_status":"closed","sticky":false,"template":"","format":"standard","meta":{"footnotes":""},"categories":[346],"tags":[366,393,395,424,434,473],"class_list":["post-31376","post","type-post","status-publish","format-standard","has-post-thumbnail","hentry","category-eleicoes-2022","tag-analfabetos","tag-eleicoes-2022","tag-eleitores","tag-outubro","tag-politica","tag-votacao"],"_links":{"self":[{"href":"https:\/\/pageup-solutions.com\/sitenoticiasvc1\/wp-json\/wp\/v2\/posts\/31376","targetHints":{"allow":["GET"]}}],"collection":[{"href":"https:\/\/pageup-solutions.com\/sitenoticiasvc1\/wp-json\/wp\/v2\/posts"}],"about":[{"href":"https:\/\/pageup-solutions.com\/sitenoticiasvc1\/wp-json\/wp\/v2\/types\/post"}],"author":[{"embeddable":true,"href":"https:\/\/pageup-solutions.com\/sitenoticiasvc1\/wp-json\/wp\/v2\/users\/1"}],"replies":[{"embeddable":true,"href":"https:\/\/pageup-solutions.com\/sitenoticiasvc1\/wp-json\/wp\/v2\/comments?post=31376"}],"version-history":[{"count":1,"href":"https:\/\/pageup-solutions.com\/sitenoticiasvc1\/wp-json\/wp\/v2\/posts\/31376\/revisions"}],"predecessor-version":[{"id":31457,"href":"https:\/\/pageup-solutions.com\/sitenoticiasvc1\/wp-json\/wp\/v2\/posts\/31376\/revisions\/31457"}],"wp:featuredmedia":[{"embeddable":true,"href":"https:\/\/pageup-solutions.com\/sitenoticiasvc1\/wp-json\/wp\/v2\/media\/31377"}],"wp:attachment":[{"href":"https:\/\/pageup-solutions.com\/sitenoticiasvc1\/wp-json\/wp\/v2\/media?parent=31376"}],"wp:term":[{"taxonomy":"category","embeddable":true,"href":"https:\/\/pageup-solutions.com\/sitenoticiasvc1\/wp-json\/wp\/v2\/categories?post=31376"},{"taxonomy":"post_tag","embeddable":true,"href":"https:\/\/pageup-solutions.com\/sitenoticiasvc1\/wp-json\/wp\/v2\/tags?post=31376"}],"curies":[{"name":"wp","href":"https:\/\/api.w.org\/{rel}","templated":true}]}}