{"id":31388,"date":"2022-08-08T11:00:11","date_gmt":"2022-08-08T14:00:11","guid":{"rendered":"https:\/\/pageup-solutions.com\/sitenoticiasv14\/caminhoneiros-comecam-a-receber-beneficio-emergencial-nesta-terca\/"},"modified":"2022-08-08T14:25:25","modified_gmt":"2022-08-08T17:25:25","slug":"caminhoneiros-comecam-a-receber-beneficio-emergencial-nesta-terca","status":"publish","type":"post","link":"https:\/\/pageup-solutions.com\/sitenoticiasvc1\/caminhoneiros-comecam-a-receber-beneficio-emergencial-nesta-terca\/","title":{"rendered":"Caminhoneiros come\u00e7am a receber\u00a0benef\u00edcio emergencial nesta\u00a0ter\u00e7a"},"content":{"rendered":"<p>Os caminhoneiros com\u00a0CPF v\u00e1lido e cadastrado no Registro Nacional de Transportadores Rodovi\u00e1rios de Cargas (RNTR-C) at\u00e9\u00a031 de maio\u00a0de 2022, na\u00a0modalidade\u00a0\u201cAtivo\u201d, come\u00e7am a receber as primeiras parcelas do benef\u00edcio emergencial aos transportadores aut\u00f4nomos de carga a partir de\u00a09 de agosto.<img decoding=\"async\" src=\"https:\/\/pageup-solutions.com\/sitenoticiasvc1\/wp-content\/uploads\/ebc.png62f117023eba9.png?id=1474828&#038;o=rss\" style=\"width:1px;height:1px\" \/><img decoding=\"async\" src=\"https:\/\/pageup-solutions.com\/sitenoticiasvc1\/wp-content\/uploads\/ebc.gif62f117026d017.png?id=1474828&#038;o=rss\" style=\"width:1px;height:1px\" \/><\/p>\n<p>O Benef\u00edcio Caminhoneiro-TAC tem validade at\u00e9\u00a031 de dezembro\u00a0de 2022 e ser\u00e1 pago em seis parcelas mensais, no valor de R$ 1 mil. No dia\u00a09 de agosto, os caminhoneiros v\u00e3o receber duas parcelas, a primeira e a\u00a0segunda, referentes aos meses\u00a0de julho\u00a0e agosto.\u00a0Por isso, o primeiro pagamento vai totalizar R$ 2 mil, como explicou o ministro do Trabalho e Previd\u00eancia, Jos\u00e9 Carlos Oliveira, no programa <em>Brasil em Pauta<\/em>, da\u00a0<strong>TV Brasil<\/strong>.\u00a0<\/p>\n<p>\u201cTodos os caminhoneiros com registro ativo at\u00e9\u00a031 de maio\u00a0de 2002 ser\u00e3o contemplados com pagamento do benef\u00edcio\u201d, afirmou.\u00a0Os lotes seguintes, de R$ 1 mil (cada), estar\u00e3o dispon\u00edveis para pagamento no dia\u00a024 de setembro,\u00a022 de outubro,\u00a026 de novembro\u00a0e\u00a017 de dezembro.<\/p>\n<h2>Benef\u00edcio Taxista<\/h2>\n<p>J\u00e1 os taxistas, de acordo com Oliveira, v\u00e3o receber as parcelas\u00a0de julho\u00a0e agosto no dia 16 de agosto. O valor \u00e9 o mesmo dos caminhoneiros, R$ 1 mil, totalizando R$ 2 mil no dia 16. \u201cN\u00f3s recorremos \u00e0s prefeituras para identificarmos os poss\u00edveis beneficiados e j\u00e1 temos mais de 300 mil taxistas cadastrados\u201d, disse. O ministro lembrou tamb\u00e9m, durante a entrevista, que ainda n\u00e3o est\u00e3o definidas quantas parcelas ser\u00e3o pagas aos taxistas.<\/p>\n<p>Os benef\u00edcios ser\u00e3o pagos aos caminhoneiros e taxistas para enfrentar\u00a0o estado de emerg\u00eancia decorrente da eleva\u00e7\u00e3o do pre\u00e7o do petr\u00f3leo, combust\u00edveis e seus derivados e dos impactos sociais deles decorrentes.<\/p>\n<h2>Atestado m\u00e9dico\u00a0online<\/h2>\n<p>O\u00a0ministro do Trabalho e Previd\u00eancia,\u00a0Jos\u00e9 Carlos Oliveira,\u00a0lembrou, durante a entrevista ao <em>Brasil em Pauta<\/em>, que\u00a0os segurados da Previd\u00eancia Social que precisam passar por per\u00edcia m\u00e9dica poder\u00e3o cadastrar a documenta\u00e7\u00e3o m\u00e9dica por meio do aplicativo Meu INSS.\u00a0Desta forma,\u00a0a avalia\u00e7\u00e3o do atestado\u00a0poder\u00e1 ser\u00a0feita remotamente\u00a0por perito m\u00e9dico federal.<\/p>\n<p>A novidade passou a valer em\u00a029 de julho\u00a0deste ano. \u201cCom os atestados que o cidad\u00e3o colocou no sistema do INSS, o m\u00e9dico, a dist\u00e2ncia, vai fazer a an\u00e1lise e vai poder fazer a concess\u00e3o do benef\u00edcio\u201d, explicou.\u00a0A medida vale para benef\u00edcios com validade de at\u00e9 3 meses. Acima disso, a per\u00edcia precisa ser presencial.<\/p>\n<h2>INSS Libras<\/h2>\n<p>Outra novidade destacada pelo ministro\u00a0\u00e9 a possibilidade de a pessoa surda ou com defici\u00eancia auditiva ser acompanhada pelo seu int\u00e9rprete ou tradutor da L\u00edngua Brasileira de Sinais (Libras), durante os atendimentos no INSS. A iniciativa passou a valer a partir de\u00a029 de julho\u00a0deste ano.\u00a0<\/p>\n<p>\u201cL\u00e1 em S\u00e3o Paulo, por exemplo, n\u00f3s fizemos uma parceria com a prefeitura\u00a0e, nas ag\u00eancias da Previd\u00eancia, est\u00e3o sendo colocados aparelhos, o segurado acessa este aparelho\u00a0e a dist\u00e2ncia tem um int\u00e9rprete de Libras que vai permitir um melhor atendimento. E, al\u00e9m disso, n\u00f3s deflagramos um processo de capacita\u00e7\u00e3o em todas as ag\u00eancias do INSS do Brasil para que os nossos servidores estejam preparados para recepcionar as pessoas que portam a defici\u00eancia auditiva\u201d, explicou.<\/p>\n<h2>Gera\u00e7\u00e3o de emprego<\/h2>\n<p>Ainda na entrevista, o ministro do Trabalho e Previd\u00eancia falou sobre a gera\u00e7\u00e3o de emprego com carteira assinada em 2002. Segundo o ministro, a previs\u00e3o \u00e9 fechar ano com mais pessoas com carteira assinada\u00a0do que em 2021, quando o Brasil gerou 2,7 milh\u00f5es de novos empregos formais.\u00a0<\/p>\n<p>\u201cN\u00e3o sei se todo mundo sabe, mas o Brasil foi o pa\u00eds do G20 que mais gerou emprego e com a menor taxa de desemprego no momento\u201d, ressaltou.<\/p>\n<p>O programa com o\u00a0ministro do Trabalho e Previd\u00eancia, Jos\u00e9 Carlos Oliveira,\u00a0vai ao ar neste\u00a0domingo,\u00a07\u00a0de\u00a0agosto, \u00e0s 22h30, na <strong>TV\u00a0Brasil<\/strong>.<\/p>\n","protected":false},"excerpt":{"rendered":"<p>Os caminhoneiros com\u00a0CPF v\u00e1lido e cadastrado no Registro Nacional de Transportadores Rodovi\u00e1rios de Cargas (RNTR-C) at\u00e9\u00a031 de maio\u00a0de 2022, na\u00a0modalidade\u00a0\u201cAtivo\u201d, [&hellip;]<\/p>\n","protected":false},"author":1,"featured_media":31389,"comment_status":"open","ping_status":"open","sticky":false,"template":"","format":"standard","meta":{"footnotes":""},"categories":[344],"tags":[],"class_list":["post-31388","post","type-post","status-publish","format-standard","has-post-thumbnail","hentry","category-economia"],"_links":{"self":[{"href":"https:\/\/pageup-solutions.com\/sitenoticiasvc1\/wp-json\/wp\/v2\/posts\/31388","targetHints":{"allow":["GET"]}}],"collection":[{"href":"https:\/\/pageup-solutions.com\/sitenoticiasvc1\/wp-json\/wp\/v2\/posts"}],"about":[{"href":"https:\/\/pageup-solutions.com\/sitenoticiasvc1\/wp-json\/wp\/v2\/types\/post"}],"author":[{"embeddable":true,"href":"https:\/\/pageup-solutions.com\/sitenoticiasvc1\/wp-json\/wp\/v2\/users\/1"}],"replies":[{"embeddable":true,"href":"https:\/\/pageup-solutions.com\/sitenoticiasvc1\/wp-json\/wp\/v2\/comments?post=31388"}],"version-history":[{"count":1,"href":"https:\/\/pageup-solutions.com\/sitenoticiasvc1\/wp-json\/wp\/v2\/posts\/31388\/revisions"}],"predecessor-version":[{"id":31453,"href":"https:\/\/pageup-solutions.com\/sitenoticiasvc1\/wp-json\/wp\/v2\/posts\/31388\/revisions\/31453"}],"wp:featuredmedia":[{"embeddable":true,"href":"https:\/\/pageup-solutions.com\/sitenoticiasvc1\/wp-json\/wp\/v2\/media\/31389"}],"wp:attachment":[{"href":"https:\/\/pageup-solutions.com\/sitenoticiasvc1\/wp-json\/wp\/v2\/media?parent=31388"}],"wp:term":[{"taxonomy":"category","embeddable":true,"href":"https:\/\/pageup-solutions.com\/sitenoticiasvc1\/wp-json\/wp\/v2\/categories?post=31388"},{"taxonomy":"post_tag","embeddable":true,"href":"https:\/\/pageup-solutions.com\/sitenoticiasvc1\/wp-json\/wp\/v2\/tags?post=31388"}],"curies":[{"name":"wp","href":"https:\/\/api.w.org\/{rel}","templated":true}]}}