{"id":31392,"date":"2022-08-08T11:00:10","date_gmt":"2022-08-08T14:00:10","guid":{"rendered":"https:\/\/pageup-solutions.com\/sitenoticiasv14\/colegiado-da-eletrobras-define-novo-presidente-da-empresa\/"},"modified":"2022-08-08T14:25:32","modified_gmt":"2022-08-08T17:25:32","slug":"colegiado-da-eletrobras-define-novo-presidente-da-empresa","status":"publish","type":"post","link":"https:\/\/pageup-solutions.com\/sitenoticiasvc1\/colegiado-da-eletrobras-define-novo-presidente-da-empresa\/","title":{"rendered":"Colegiado da Eletrobras define novo presidente da empresa"},"content":{"rendered":"<p>A Eletrobras realizou hoje (5) assembleia geral extraordin\u00e1ria (AGE) de acionistas da companhia, que definiu a composi\u00e7\u00e3o do novo Conselho de Administra\u00e7\u00e3o da empresa. Ap\u00f3s a assembleia, o novo colegiado elegeu Wilson Ferreira Junior como presidente da empresa e Ivan Monteiro para a presid\u00eancia do conselho.<img decoding=\"async\" src=\"https:\/\/pageup-solutions.com\/sitenoticiasvc1\/wp-content\/uploads\/ebc.png62f11707b8932.png?id=1474946&#038;o=rss\" style=\"width:1px;height:1px\" \/><img decoding=\"async\" src=\"https:\/\/pageup-solutions.com\/sitenoticiasvc1\/wp-content\/uploads\/ebc.gif62f11707e794b.png?id=1474946&#038;o=rss\" style=\"width:1px;height:1px\" \/><\/p>\n<p>Monteiro foi presidente da Petrobras e atualmente \u00e9 presidente do Conselho de Administra\u00e7\u00e3o do Credit Suisse no Brasil. Ferreira Junior retorna \u00e0 presid\u00eancia da Eletrobras, que comandou de julho de 2016 a mar\u00e7o de 2021, quando conduziu o processo de reestrutura\u00e7\u00e3o organizacional e financeira da empresa. Tamb\u00e9m foi confirmado o nome de Rodrigo Limp, atual presidente da companhia, como diretor de Regula\u00e7\u00e3o e Rela\u00e7\u00f5es Institucionais, cargo que ocupa de forma interina desde julho. Ferreira Junior e Limp devem tomar posse at\u00e9 o dia 20 de setembro.<\/p>\n<p>Na assembleia, somente uma chapa, composta por dez integrantes, concorreu ao pleito. Al\u00e9m de Monteiro, os donos de a\u00e7\u00f5es ordin\u00e1rias indicaram: Carlos Augusto Leone Piani, Marcelo Gasparino, Marisete Pereira, Octavio Cortes Pereira Lopes e Vicente Falconi, todos nomes novos, para o colegiado. Tr\u00eas integrantes, tamb\u00e9m indicados pelos detentores de a\u00e7\u00f5es ordin\u00e1rias, est\u00e3o sendo reconduzidos para novo mandato: Daniel Alves Ferreira, Felipe Villela Dias e Marcelo de Siqueira Freitas. O conselheiro representante dos empregados, Carlos Eduardo Rodrigues Pereira, permanece no cargo. J\u00e1 Pedro Batista de Lima Filho foi indicado pelos donos de a\u00e7\u00f5es preferenciais.<\/p>\n<p>Al\u00e9m da defini\u00e7\u00e3o da composi\u00e7\u00e3o do Conselho de Administra\u00e7\u00e3o, tamb\u00e9m foi aprovada a proposta apresentada por acionistas para fixar prazo para o mandato dos novos conselheiros, excepcionalmente, at\u00e9 a assembleia geral ordin\u00e1ria que ser\u00e1 realizada em 2025, conforme autorizado no Regulamento de Governan\u00e7a Corporativa da Bolsa de Valores do Brasil (B3).<\/p>\n","protected":false},"excerpt":{"rendered":"<p>A Eletrobras realizou hoje (5) assembleia geral extraordin\u00e1ria (AGE) de acionistas da companhia, que definiu a composi\u00e7\u00e3o do novo Conselho [&hellip;]<\/p>\n","protected":false},"author":1,"featured_media":31393,"comment_status":"open","ping_status":"open","sticky":false,"template":"","format":"standard","meta":{"footnotes":""},"categories":[344],"tags":[],"class_list":["post-31392","post","type-post","status-publish","format-standard","has-post-thumbnail","hentry","category-economia"],"_links":{"self":[{"href":"https:\/\/pageup-solutions.com\/sitenoticiasvc1\/wp-json\/wp\/v2\/posts\/31392","targetHints":{"allow":["GET"]}}],"collection":[{"href":"https:\/\/pageup-solutions.com\/sitenoticiasvc1\/wp-json\/wp\/v2\/posts"}],"about":[{"href":"https:\/\/pageup-solutions.com\/sitenoticiasvc1\/wp-json\/wp\/v2\/types\/post"}],"author":[{"embeddable":true,"href":"https:\/\/pageup-solutions.com\/sitenoticiasvc1\/wp-json\/wp\/v2\/users\/1"}],"replies":[{"embeddable":true,"href":"https:\/\/pageup-solutions.com\/sitenoticiasvc1\/wp-json\/wp\/v2\/comments?post=31392"}],"version-history":[{"count":1,"href":"https:\/\/pageup-solutions.com\/sitenoticiasvc1\/wp-json\/wp\/v2\/posts\/31392\/revisions"}],"predecessor-version":[{"id":31454,"href":"https:\/\/pageup-solutions.com\/sitenoticiasvc1\/wp-json\/wp\/v2\/posts\/31392\/revisions\/31454"}],"wp:featuredmedia":[{"embeddable":true,"href":"https:\/\/pageup-solutions.com\/sitenoticiasvc1\/wp-json\/wp\/v2\/media\/31393"}],"wp:attachment":[{"href":"https:\/\/pageup-solutions.com\/sitenoticiasvc1\/wp-json\/wp\/v2\/media?parent=31392"}],"wp:term":[{"taxonomy":"category","embeddable":true,"href":"https:\/\/pageup-solutions.com\/sitenoticiasvc1\/wp-json\/wp\/v2\/categories?post=31392"},{"taxonomy":"post_tag","embeddable":true,"href":"https:\/\/pageup-solutions.com\/sitenoticiasvc1\/wp-json\/wp\/v2\/tags?post=31392"}],"curies":[{"name":"wp","href":"https:\/\/api.w.org\/{rel}","templated":true}]}}