{"id":31396,"date":"2022-08-08T11:00:09","date_gmt":"2022-08-08T14:00:09","guid":{"rendered":"https:\/\/pageup-solutions.com\/sitenoticiasv14\/dolar-cai-para-r-516-ainda-sob-reflexo-do-copom\/"},"modified":"2022-08-08T14:25:41","modified_gmt":"2022-08-08T17:25:41","slug":"dolar-cai-para-r-516-ainda-sob-reflexo-do-copom","status":"publish","type":"post","link":"https:\/\/pageup-solutions.com\/sitenoticiasvc1\/dolar-cai-para-r-516-ainda-sob-reflexo-do-copom\/","title":{"rendered":"D\u00f3lar cai para R$ 5,16 ainda sob reflexo do Copom"},"content":{"rendered":"<p>A perspectiva de que o Banco Central (BC) encerre a alta de juros no fim de setembro fez o d\u00f3lar descolar-se do cen\u00e1rio internacional e cair fortemente nesta sexta-feira (5). A bolsa de valores foi beneficiada pela alta das commodities (bens prim\u00e1rios com cota\u00e7\u00e3o internacional) e subiu pelo quarto dia seguido.<\/p>\n<p>O d\u00f3lar comercial encerrou esta sexta vendido a R$ 5,167, com recuo de R$ 0,054 (-1,03%). A cota\u00e7\u00e3o iniciou o dia em alta, chegando a R$ 5,27 por volta das 10h, mas a entrada de fluxos externos durante a tarde fez a moeda inverter o movimento e passar a cair.<\/p>\n<p>Com o desempenho de hoje, o d\u00f3lar fechou a semana praticamente est\u00e1vel, com queda de 0,07%. Na Em 2022, a divisa acumula queda de 7,26%. O euro comercial encerrou em R$ 5,26, com queda de 1,66% no dia e de 0,53% na semana.<\/p>\n<p>Ap\u00f3s a euforia dos \u00faltimos dias, o mercado de a\u00e7\u00f5es teve um dia mais moderado nesta sexta. O \u00edndice Ibovespa fechou aos 106.472 pontos, com alta de 0,55% e no maior n\u00edvel desde 9 de junho. A bolsa brasileira foi beneficiada pela alta das commodities, que beneficiou a\u00e7\u00f5es de petroleiras e mineradoras, e pela divulga\u00e7\u00e3o de balan\u00e7os de empresas que tiveram lucro maior que o esperado.<\/p>\n<p>A queda do d\u00f3lar e alta da bolsa ocorreu apesar do cen\u00e1rio externo desfavor\u00e1vel. A divulga\u00e7\u00e3o de que a economia norte-americana gerou mais empregos que o esperado em julho adicionou press\u00f5es para que o Federal Reserve (Fed, Banco Central norte-americano) aumente os juros al\u00e9m do esperado.<\/p>\n<p>Normalmente, a expectativa de juros altos em economias avan\u00e7adas prejudica pa\u00edses emergentes. No entanto, o mercado financeiro brasileiro ainda est\u00e1 sob reflexo da reuni\u00e3o do Comit\u00ea de Pol\u00edtica Monet\u00e1ria (Copom). Na \u00faltima quarta-feira (3), o \u00f3rg\u00e3o elevou a taxa Selic (juros b\u00e1sicos da economia) para 13,75% ao ano e indicou que pretende encerrar o ciclo de alta no pr\u00f3ximo encontro, quando subir\u00e1 a taxa para 14% ao ano.<\/p>\n<p>Como os juros brasileiros continuam atrativos para os investidores internacionais, isso estimulou a entrada de d\u00f3lares no pa\u00eds durante a tarde, empurrando a cota\u00e7\u00e3o para baixo. Na bolsa de valores, a expectativa de que os juros parem de subir favorece a compra de a\u00e7\u00f5es por investidores que preferem aplicar em ativos de maior risco.<\/p>\n<p><em>*Com informa\u00e7\u00f5es da Reuters<\/em><img decoding=\"async\" src=\"https:\/\/pageup-solutions.com\/sitenoticiasvc1\/wp-content\/uploads\/ebc.png62f1170d38387.png?id=1474918&#038;o=rss\" style=\"width:1px;height:1px\" \/><img decoding=\"async\" src=\"https:\/\/pageup-solutions.com\/sitenoticiasvc1\/wp-content\/uploads\/ebc.gif62f1170d6681d.png?id=1474918&#038;o=rss\" style=\"width:1px;height:1px\" \/><\/p>\n","protected":false},"excerpt":{"rendered":"<p>A perspectiva de que o Banco Central (BC) encerre a alta de juros no fim de setembro fez o d\u00f3lar [&hellip;]<\/p>\n","protected":false},"author":1,"featured_media":31397,"comment_status":"open","ping_status":"open","sticky":false,"template":"","format":"standard","meta":{"footnotes":""},"categories":[344],"tags":[],"class_list":["post-31396","post","type-post","status-publish","format-standard","has-post-thumbnail","hentry","category-economia"],"_links":{"self":[{"href":"https:\/\/pageup-solutions.com\/sitenoticiasvc1\/wp-json\/wp\/v2\/posts\/31396","targetHints":{"allow":["GET"]}}],"collection":[{"href":"https:\/\/pageup-solutions.com\/sitenoticiasvc1\/wp-json\/wp\/v2\/posts"}],"about":[{"href":"https:\/\/pageup-solutions.com\/sitenoticiasvc1\/wp-json\/wp\/v2\/types\/post"}],"author":[{"embeddable":true,"href":"https:\/\/pageup-solutions.com\/sitenoticiasvc1\/wp-json\/wp\/v2\/users\/1"}],"replies":[{"embeddable":true,"href":"https:\/\/pageup-solutions.com\/sitenoticiasvc1\/wp-json\/wp\/v2\/comments?post=31396"}],"version-history":[{"count":1,"href":"https:\/\/pageup-solutions.com\/sitenoticiasvc1\/wp-json\/wp\/v2\/posts\/31396\/revisions"}],"predecessor-version":[{"id":31455,"href":"https:\/\/pageup-solutions.com\/sitenoticiasvc1\/wp-json\/wp\/v2\/posts\/31396\/revisions\/31455"}],"wp:featuredmedia":[{"embeddable":true,"href":"https:\/\/pageup-solutions.com\/sitenoticiasvc1\/wp-json\/wp\/v2\/media\/31397"}],"wp:attachment":[{"href":"https:\/\/pageup-solutions.com\/sitenoticiasvc1\/wp-json\/wp\/v2\/media?parent=31396"}],"wp:term":[{"taxonomy":"category","embeddable":true,"href":"https:\/\/pageup-solutions.com\/sitenoticiasvc1\/wp-json\/wp\/v2\/categories?post=31396"},{"taxonomy":"post_tag","embeddable":true,"href":"https:\/\/pageup-solutions.com\/sitenoticiasvc1\/wp-json\/wp\/v2\/tags?post=31396"}],"curies":[{"name":"wp","href":"https:\/\/api.w.org\/{rel}","templated":true}]}}